{"id":2181,"date":"2023-05-09T10:01:49","date_gmt":"2023-05-09T08:01:49","guid":{"rendered":"https:\/\/erasmus.vos-sosmost.cz\/?p=2181"},"modified":"2026-03-30T15:03:12","modified_gmt":"2026-03-30T13:03:12","slug":"reykjavik-7-5-28-5-2023","status":"publish","type":"post","link":"https:\/\/erasmus.vos-sosmost.cz\/?p=2181","title":{"rendered":"Reykjav\u00edk (7. 5. &#8211; 28. 5. 2023)"},"content":{"rendered":"<p>H\u00e6 z Islandu\ud83c\uddee\ud83c\uddf8<\/p>\n<p>Zdrav\u00ed V\u00e1s K\u00e1\u0165a a M\u00ed\u0161a, r\u00e1dy bychom V\u00e1s provedly na\u0161\u00ed st\u00e1\u017e\u00ed v Reykjav\u00edku.<\/p>\n<h2><strong>Cesta<\/strong><\/h2>\n<p>Na\u0161e dobrodru\u017estv\u00ed zapo\u010dalo cestou po vlastn\u00ed ose na leti\u0161t\u011b V\u00e1clava Havla v Praze. Odbaven\u00ed zavazadel prob\u011bhlo \u00fasp\u011b\u0161n\u011b a my se mohly vydat na cestu. Po \u010dty\u0159ech hodin\u00e1ch v letadle jsme se ocitly na leti\u0161ti v Keflav\u00edku, ze kter\u00e9ho n\u00e1s \u010dekala je\u0161t\u011b hodinov\u00e1 cesta autobusem do Reykjav\u00edku a no\u010dn\u00ed proch\u00e1zka do na\u0161eho ubytov\u00e1n\u00ed, kam jsme dorazily kolem t\u0159et\u00ed hodiny rann\u00ed.<\/p>\n<p>&nbsp;<\/p>\n<h2>1.t\u00fdden (8. 5. 2023 &#8211; 14. 5. 2023)<\/h2>\n<h4>Pond\u011bl\u00ed<\/h4>\n<p>Na tento den jsme si napl\u00e1novaly jedin\u00fd nejd\u016fle\u017eit\u011bj\u0161\u00ed \u00fakol: Za\u0159\u00edzen\u00ed autobusov\u00fdch karet. Na internetu jsme si vyhledaly m\u00edsta, kde by mohli karty prod\u00e1vat a na jedno se vypravily. Po dlouh\u00e9m rozhovoru s pan\u00ed prodava\u010dkou jsme se dozv\u011bd\u011bly, \u017ee n\u00e1\u0161 prvotn\u00ed pl\u00e1n na koupi karet bude trochu o\u0159\u00ed\u0161ek. Po t\u0159ech hodin\u00e1ch se n\u00e1m proda\u0159ilo karty z\u00edskat (situaci uleh\u010dilo zakoupen\u00ed islandsk\u00fdch sim karet).<\/p>\n<p>U\u017e ve\u010der jsme je vyu\u017eily na cestu do rodin, kde jsme se ka\u017ed\u00e1 sezn\u00e1mila s d\u011btmi, kter\u00e9 budeme pravideln\u011b nav\u0161t\u011bvovat a rozv\u00edjet u nich \u010desk\u00fd jazyk.&nbsp;<\/p>\n<p><a href=\"http:\/\/erasmus.vos-sosmost.cz\/wp-content\/uploads\/2023\/05\/20230508_010010-rotated.jpg\"><img loading=\"lazy\" decoding=\"async\" class=\"alignnone wp-image-2238 size-medium\" src=\"http:\/\/erasmus.vos-sosmost.cz\/wp-content\/uploads\/2023\/05\/20230508_010010-169x300.jpg\" alt=\"\" width=\"169\" height=\"300\"><\/a>&nbsp; &nbsp;<a href=\"http:\/\/erasmus.vos-sosmost.cz\/wp-content\/uploads\/2023\/05\/20230507_212028.jpg\"><img loading=\"lazy\" decoding=\"async\" class=\"alignnone wp-image-2237 size-medium\" src=\"http:\/\/erasmus.vos-sosmost.cz\/wp-content\/uploads\/2023\/05\/20230507_212028-169x300.jpg\" alt=\"\" width=\"169\" height=\"300\"><\/a><\/p>\n<h4>\u00dater\u00fd<\/h4>\n<p>Po domluv\u011b s majitelkou bytu jsme napl\u00e1novaly sch\u016fzku na p\u0159ed\u00e1n\u00ed druh\u00fdch kl\u00ed\u010d\u016f. Dorazily jsme na p\u0159edem domluven\u00e9 m\u00edsto&nbsp;<em>University of Iceland. <\/em>Bohu\u017eel jsme zjistily, \u017ee jsou tu university dv\u011b a my dorazily k t\u00e9 \u0161patn\u00e9. \u010cekala n\u00e1s tedy dal\u0161\u00ed cesta k druh\u00e9 universit\u011b&nbsp;<em>Reykjavik University, <\/em>kter\u00e1 u\u017e byla ta spr\u00e1vn\u00e1. &nbsp;D\u00edky na\u0161emu \u0161patn\u00e9mu \u00fasudku jsme se mohly pod\u00edvat na m\u00edsto, kam bychom si jinak v\u00fdlet neud\u011blaly.&nbsp;<\/p>\n<p>V rodin\u00e1ch se M\u00ed\u0161a zam\u011b\u0159ila na pracovn\u00ed \u010dinnost &#8211; v\u00fdrobu letad\u00fdlka a pr\u00e1ci s knihami o dopravn\u00edch prost\u0159edc\u00edch. K\u00e1\u0165a s d\u011btmi vyzkou\u0161ela didaktick\u00e9 hry na rozvoj slovn\u00ed z\u00e1soby v \u010desk\u00e9m jazyce.<\/p>\n<p><a href=\"http:\/\/erasmus.vos-sosmost.cz\/wp-content\/uploads\/2023\/05\/20230509_110256.jpg\"><img loading=\"lazy\" decoding=\"async\" class=\"alignnone wp-image-2257 size-medium\" src=\"http:\/\/erasmus.vos-sosmost.cz\/wp-content\/uploads\/2023\/05\/20230509_110256-300x169.jpg\" alt=\"\" width=\"300\" height=\"169\"><\/a> <a href=\"http:\/\/erasmus.vos-sosmost.cz\/wp-content\/uploads\/2023\/05\/20230509_122920-rotated.jpg\"><img loading=\"lazy\" decoding=\"async\" class=\"alignnone wp-image-2258 size-medium\" src=\"http:\/\/erasmus.vos-sosmost.cz\/wp-content\/uploads\/2023\/05\/20230509_122920-169x300.jpg\" alt=\"\" width=\"169\" height=\"300\"><\/a> <a href=\"http:\/\/erasmus.vos-sosmost.cz\/wp-content\/uploads\/2023\/05\/20230509_105911.jpg\"><img loading=\"lazy\" decoding=\"async\" class=\"alignnone wp-image-2259 size-medium\" src=\"http:\/\/erasmus.vos-sosmost.cz\/wp-content\/uploads\/2023\/05\/20230509_105911-300x169.jpg\" alt=\"\" width=\"300\" height=\"169\"><\/a><\/p>\n<h4>St\u0159eda<\/h4>\n<p>R\u00e1no jsme vyrazily na na\u0161e prvn\u00ed v\u011bt\u0161\u00ed pozn\u00e1n\u00ed m\u011bsta. Prvn\u00ed jsme nav\u0161t\u00edvily&nbsp;<em>The Sun Voyager,&nbsp;<\/em>co\u017e je socha na pob\u0159e\u017e\u00ed. Pot\u00e9 jsme zam\u00ed\u0159ily ke kostelu&nbsp;<em>Hallgr\u00edmskirkja, <\/em>ze kter\u00e9ho jsme mohly pozorovat Reykjav\u00edk. Vydaly jsme se hledat i ke\u0161ku, kterou jsme po chv\u00edli \u00fasp\u011b\u0161n\u011b nalezly. Pro\u0161ly jsme se ulic\u00ed, nav\u0161t\u00edvily p\u00e1r obch\u016fdk\u016f se suven\u00fdry a dorazily na <em>Rainbow Street.&nbsp;<\/em>Kousek od kostela je zahrada se sochami&nbsp;<em>Sculpture garden,&nbsp;<\/em>kterou jsme t\u00e9\u017e nav\u0161t\u00edvily.<\/p>\n<p>K\u00e1\u0165a vyu\u010dov\u00e1n\u00ed dnes nem\u011bla, pracovala m\u00edsto toho na p\u0159\u00edprav\u00e1ch do \u0161koli\u010dky a rodin. M\u00ed\u0161a se op\u011bt vypravila do rodiny, kde spole\u010dn\u011b s d\u011btmi procvi\u010dovala \u010d\u00edsla.<\/p>\n<p><a href=\"http:\/\/erasmus.vos-sosmost.cz\/wp-content\/uploads\/2023\/05\/20230510_121243-rotated.jpg\"><img loading=\"lazy\" decoding=\"async\" class=\"alignnone wp-image-2263 size-medium\" src=\"http:\/\/erasmus.vos-sosmost.cz\/wp-content\/uploads\/2023\/05\/20230510_121243-169x300.jpg\" alt=\"\" width=\"169\" height=\"300\"><\/a> <a href=\"http:\/\/erasmus.vos-sosmost.cz\/wp-content\/uploads\/2023\/05\/20230510_111454-rotated.jpg\"><img loading=\"lazy\" decoding=\"async\" class=\"alignnone wp-image-2264 size-medium\" src=\"http:\/\/erasmus.vos-sosmost.cz\/wp-content\/uploads\/2023\/05\/20230510_111454-169x300.jpg\" alt=\"\" width=\"169\" height=\"300\"><\/a> <a href=\"http:\/\/erasmus.vos-sosmost.cz\/wp-content\/uploads\/2023\/05\/20230510_103839.jpg\"><img loading=\"lazy\" decoding=\"async\" class=\"alignnone wp-image-2265 size-medium\" src=\"http:\/\/erasmus.vos-sosmost.cz\/wp-content\/uploads\/2023\/05\/20230510_103839-300x225.jpg\" alt=\"\" width=\"300\" height=\"225\"><\/a><\/p>\n<h4>\u010ctvrtek<\/h4>\n<p>Dnes na\u0161e kroky zam\u00ed\u0159ily do m\u011bsta&nbsp;<em>Seltjarnarnes.&nbsp;<\/em>Vystoupily jsme na zast\u00e1vce&nbsp;<em>Ei\u00f0istorg<\/em> a do\u0161ly k pob\u0159e\u017e\u00ed, kde na n\u00e1s \u010dekal kr\u00e1sn\u00fd v\u00fdhled na hory za doprovodu sm\u00edchu rack\u016f \ud83d\ude42 . Vystoupaly jsme na kopec, na kter\u00e9m stoj\u00ed z\u0159\u00edcenina <em>Camp Gr\u00f3tta.<\/em> Po cest\u011b k maj\u00e1ku&nbsp;<em>Gr\u00f3tta Island Lighthouse (Gr\u00f3ttuviti),&nbsp;<\/em>kter\u00fd je uzav\u0159en z d\u016fvodu hn\u00edzd\u011bn\u00ed pt\u00e1k\u016f, jsme nav\u0161t\u00edvily&nbsp;<em>Pharmacy Museum&nbsp;<\/em>s bylinkovou zah\u00e1dkou. Pot\u00e9, co jsme objevily v\u0161echna m\u00edsta, jsme se vydaly zp\u011bt na zast\u00e1vku a jely dom\u016f se p\u0159ipravovat na odpoledn\u00ed n\u00e1v\u0161t\u011bvu rodin.<\/p>\n<p>K\u00e1\u0165a vyzkou\u0161ela motorickou p\u0159ek\u00e1\u017ekovou dr\u00e1hu a M\u00ed\u0161a v\u00fdtvarn\u00e9 \u010dinnosti na rozvoj jemn\u00e9 motoriky.<\/p>\n<p><a href=\"http:\/\/erasmus.vos-sosmost.cz\/wp-content\/uploads\/2023\/05\/IMG_20230511_115641.jpg\"><img loading=\"lazy\" decoding=\"async\" class=\"alignnone wp-image-2276 size-medium\" src=\"http:\/\/erasmus.vos-sosmost.cz\/wp-content\/uploads\/2023\/05\/IMG_20230511_115641-300x300.jpg\" alt=\"\" width=\"300\" height=\"300\"><\/a> <a href=\"http:\/\/erasmus.vos-sosmost.cz\/wp-content\/uploads\/2023\/05\/20230511_112045.jpg\"><img loading=\"lazy\" decoding=\"async\" class=\"alignnone wp-image-2277 size-medium\" src=\"http:\/\/erasmus.vos-sosmost.cz\/wp-content\/uploads\/2023\/05\/20230511_112045-300x225.jpg\" alt=\"\" width=\"300\" height=\"225\"><\/a> <a href=\"http:\/\/erasmus.vos-sosmost.cz\/wp-content\/uploads\/2023\/05\/20230511_105042.jpg\"><img loading=\"lazy\" decoding=\"async\" class=\"alignnone wp-image-2278 size-medium\" src=\"http:\/\/erasmus.vos-sosmost.cz\/wp-content\/uploads\/2023\/05\/20230511_105042-300x225.jpg\" alt=\"\" width=\"300\" height=\"225\"><\/a> <a href=\"http:\/\/erasmus.vos-sosmost.cz\/wp-content\/uploads\/2023\/05\/20230511_113735-rotated.jpg\"><img loading=\"lazy\" decoding=\"async\" class=\"alignnone wp-image-2279 size-medium\" src=\"http:\/\/erasmus.vos-sosmost.cz\/wp-content\/uploads\/2023\/05\/20230511_113735-225x300.jpg\" alt=\"\" width=\"225\" height=\"300\"><\/a><\/p>\n<h4>P\u00e1tek<\/h4>\n<p>Dopoledne jsme vyrazily na cestu k vodop\u00e1du&nbsp;<em>\u00c1lafoss<\/em> a bl\u00edzk\u00e9mu poho\u0159\u00ed, kde jsme si ud\u011blaly kr\u00e1tkou proch\u00e1zku.&nbsp;<\/p>\n<p>P\u0159ipravovaly jsme se na prvn\u00ed den v \u010desk\u00e9 \u0161koli\u010dce a tak\u00e9 na na\u0161e odpoledn\u00ed hodiny v \u010desk\u00fdch rodin\u00e1ch.<\/p>\n<p><a href=\"http:\/\/erasmus.vos-sosmost.cz\/wp-content\/uploads\/2023\/05\/20230512_111031-rotated.jpg\"><img loading=\"lazy\" decoding=\"async\" class=\"alignnone wp-image-2380 size-medium\" src=\"http:\/\/erasmus.vos-sosmost.cz\/wp-content\/uploads\/2023\/05\/20230512_111031-225x300.jpg\" alt=\"\" width=\"225\" height=\"300\"><\/a> <a href=\"http:\/\/erasmus.vos-sosmost.cz\/wp-content\/uploads\/2023\/05\/20230512_113349.jpg\"><img loading=\"lazy\" decoding=\"async\" class=\"alignnone wp-image-2381 size-medium\" src=\"http:\/\/erasmus.vos-sosmost.cz\/wp-content\/uploads\/2023\/05\/20230512_113349-300x225.jpg\" alt=\"\" width=\"300\" height=\"225\"><\/a> <a href=\"http:\/\/erasmus.vos-sosmost.cz\/wp-content\/uploads\/2023\/05\/20230512_113346.jpg\"><img loading=\"lazy\" decoding=\"async\" class=\"alignnone wp-image-2382 size-medium\" src=\"http:\/\/erasmus.vos-sosmost.cz\/wp-content\/uploads\/2023\/05\/20230512_113346-300x225.jpg\" alt=\"\" width=\"300\" height=\"225\"><\/a><\/p>\n<h4>Sobota<\/h4>\n<p>Dorazily jsme do \u010desk\u00e9 \u0161koli\u010dky, kde na n\u00e1s \u010dekali d\u011bti s rodi\u010di z \u010desk\u00fdch rodin, kte\u0159\u00ed na Islandu \u017eij\u00ed. Ka\u017ed\u00e1 jsme byla rozd\u011blena do jedn\u00e9 ze skupin, kde jsme s d\u011btmi vyr\u00e1b\u011bly, zp\u00edvaly a spole\u010dn\u011b se u\u010dily \u010desky.&nbsp;<\/p>\n<p>Odpoledne se strhla pr\u016ftr\u017e mra\u010den, proto jsme se ka\u017ed\u00e1 zam\u011b\u0159ila na sv\u00e9 z\u00e1jmy. Mezit\u00edm co si M\u00ed\u0161a \u010detla, se K\u00e1\u0165a rozhodla prozkoumat m\u00edstn\u00ed lezeckou st\u011bnu&nbsp;<em>Klifurh\u00fasi\u00f0.&nbsp;<\/em><\/p>\n<p>K ve\u010deru jsme se i p\u0159es nevl\u00eddn\u00e9 po\u010das\u00ed vydaly do m\u011bsta.<\/p>\n<p>&nbsp;<\/p>\n<h4>Ned\u011ble<\/h4>\n<p>Ned\u011ble byla prvn\u00edm voln\u00fdm dnem, proto jsme ji vyu\u017eily k n\u00e1v\u0161t\u011bv\u011b muzea&nbsp;<em>Perlan.<\/em> Jeho v\u00fdstava nab\u00edz\u00ed modern\u00ed p\u0159\u00edrodn\u00ed expozice, skute\u010dnou ledovou jeskyni, 4K planet\u00e1rium a 360\u00b0 vyhl\u00eddkovou plo\u0161inu. V\u00fdstava se n\u00e1m l\u00edbila a rozhodn\u011b bychom ji doporu\u010dily nav\u0161t\u00edvit. Dozv\u011bd\u011bly jsme se zde mnoho informac\u00ed o islandsk\u00e9 p\u0159\u00edrod\u011b.<\/p>\n<p><a href=\"http:\/\/erasmus.vos-sosmost.cz\/wp-content\/uploads\/2023\/05\/20230514_124823-rotated.jpg\"><img loading=\"lazy\" decoding=\"async\" class=\"alignnone wp-image-2383 size-medium\" src=\"http:\/\/erasmus.vos-sosmost.cz\/wp-content\/uploads\/2023\/05\/20230514_124823-225x300.jpg\" alt=\"\" width=\"225\" height=\"300\"><\/a> <a href=\"http:\/\/erasmus.vos-sosmost.cz\/wp-content\/uploads\/2023\/05\/20230514_125022-rotated.jpg\"><img loading=\"lazy\" decoding=\"async\" class=\"alignnone wp-image-2384 size-medium\" src=\"http:\/\/erasmus.vos-sosmost.cz\/wp-content\/uploads\/2023\/05\/20230514_125022-225x300.jpg\" alt=\"\" width=\"225\" height=\"300\"><\/a> <a href=\"http:\/\/erasmus.vos-sosmost.cz\/wp-content\/uploads\/2023\/05\/20230514_124904-rotated.jpg\"><img loading=\"lazy\" decoding=\"async\" class=\"alignnone wp-image-2385 size-medium\" src=\"http:\/\/erasmus.vos-sosmost.cz\/wp-content\/uploads\/2023\/05\/20230514_124904-225x300.jpg\" alt=\"\" width=\"225\" height=\"300\"><\/a><\/p>\n<p>&nbsp;<\/p>\n<h2>2.t\u00fdden (15. 5. 2023 &#8211; 21. 5. 2023)<\/h2>\n<h4>Pond\u011bl\u00ed<\/h4>\n<p>Druh\u00fd t\u00fdden jsme za\u010daly n\u00e1v\u0161t\u011bvou&nbsp;<em>National Museum of Iceland.&nbsp;<\/em>Zam\u011b\u0159uje se sp\u00ed\u0161e na islandskou kuturu a folkl\u00f3r. Byly zde \u0161perky, n\u00e1stroje i duchovn\u00ed p\u0159edm\u011bty z doby 800 a\u017e do 21. stolet\u00ed.&nbsp;<\/p>\n<p>P\u0159i cest\u011b dom\u016f jsme je\u0161t\u011b nav\u0161t\u00edvily p\u0159\u00edstav, ze kter\u00e9ho bylo vid\u011bt na hory.<\/p>\n<p>Odpoledne jsme se vydaly do rodin. M\u00ed\u0161a nav\u0161t\u00edvila novou rodinu.<\/p>\n<p><img loading=\"lazy\" decoding=\"async\" class=\"alignnone size-medium wp-image-2418\" src=\"http:\/\/erasmus.vos-sosmost.cz\/wp-content\/uploads\/2023\/05\/20230515_123901-300x225.jpg\" alt=\"\" width=\"300\" height=\"225\"> <img loading=\"lazy\" decoding=\"async\" class=\"alignnone size-medium wp-image-2419\" src=\"http:\/\/erasmus.vos-sosmost.cz\/wp-content\/uploads\/2023\/05\/20230515_121405-300x225.jpg\" alt=\"\" width=\"300\" height=\"225\"> <img loading=\"lazy\" decoding=\"async\" class=\"alignnone size-medium wp-image-2420\" src=\"http:\/\/erasmus.vos-sosmost.cz\/wp-content\/uploads\/2023\/05\/20230515_130737-300x225.jpg\" alt=\"\" width=\"300\" height=\"225\"><\/p>\n<h4>\u00dater\u00fd<\/h4>\n<p>Den jsme zapo\u010daly nav\u0161t\u011bvou&nbsp;<em>Nauth\u00f3lsv\u00edk Geothermal Beach.&nbsp;<\/em>Je zde tepl\u00fd baz\u00e9n vyh\u0159\u00e1t\u00fd na 38\u00b0C a p\u0159\u00edstup do oce\u00e1nu, kter\u00fd m\u011bl p\u0159ibli\u017en\u011b 8\u00b0C.&nbsp; P\u0159esto\u017ee n\u00e1m po\u010das\u00ed moc nep\u0159\u00e1lo, \u0161ly jsme vyzkou\u0161et i oce\u00e1n.<\/p>\n<p>I kdy\u017e v Reykjav\u00edku zapo\u010dal summit Rady Evropy, jsme se \u00fasp\u011b\u0161n\u011b dopravily do rodin na v\u00fduku \u010desk\u00e9ho jazyka.&nbsp;<\/p>\n<p><img loading=\"lazy\" decoding=\"async\" class=\"alignnone size-medium wp-image-2421\" src=\"http:\/\/erasmus.vos-sosmost.cz\/wp-content\/uploads\/2023\/05\/20230516_122832-300x225.jpg\" alt=\"\" width=\"300\" height=\"225\"> <img loading=\"lazy\" decoding=\"async\" class=\"alignnone size-medium wp-image-2422\" src=\"http:\/\/erasmus.vos-sosmost.cz\/wp-content\/uploads\/2023\/05\/20230516_115735-300x225.jpg\" alt=\"\" width=\"300\" height=\"225\"> <img loading=\"lazy\" decoding=\"async\" class=\"alignnone size-medium wp-image-2423\" src=\"http:\/\/erasmus.vos-sosmost.cz\/wp-content\/uploads\/2023\/05\/20230516_122839-225x300.jpg\" alt=\"\" width=\"225\" height=\"300\"><\/p>\n<h4>St\u0159eda<\/h4>\n<p>Den jsme pojaly jako pracovn\u00ed. Dokon\u010dovaly jsme p\u0159\u00edpravy do \u010desk\u00fdch rodin a sobotn\u00ed \u0161koli\u010dky.&nbsp;<\/p>\n<p>&nbsp;<\/p>\n<h4>\u010ctvrtek<\/h4>\n<p>Dopoledne jsme se vydaly do&nbsp;<em>Grasagar\u00f0ur Botanical Garden. <\/em>Je zde 3000 druh\u016f rostlin ze severn\u00edho m\u00edrn\u00e9ho p\u00e1su.&nbsp;<\/p>\n<p>Po vyu\u010dov\u00e1n\u00ed v \u010desk\u00fdch rodin\u00e1ch na n\u00e1s \u010dekala odm\u011bna v podob\u011b&nbsp;<em>\u00cdsb\u00fa\u00f0in,&nbsp;<\/em>co\u017e je zn\u00e1m\u00e1 islandsk\u00e1 zmrzlina. Pokud sem zav\u00edt\u00e1te, tak ji rozhodn\u011b nezapom\u011b\u0148te vyzkou\u0161et.<\/p>\n<p><img loading=\"lazy\" decoding=\"async\" class=\"alignnone size-medium wp-image-2442\" src=\"http:\/\/erasmus.vos-sosmost.cz\/wp-content\/uploads\/2023\/05\/20230518_110637-225x300.jpg\" alt=\"\" width=\"225\" height=\"300\"> <img loading=\"lazy\" decoding=\"async\" class=\"alignnone size-medium wp-image-2443\" src=\"http:\/\/erasmus.vos-sosmost.cz\/wp-content\/uploads\/2023\/05\/20230518_105049-300x225.jpg\" alt=\"\" width=\"300\" height=\"225\"> <img loading=\"lazy\" decoding=\"async\" class=\"alignnone size-medium wp-image-2444\" src=\"http:\/\/erasmus.vos-sosmost.cz\/wp-content\/uploads\/2023\/05\/20230518_105629-300x225.jpg\" alt=\"\" width=\"300\" height=\"225\"><\/p>\n<h4>P\u00e1tek (Zlat\u00fd okruh)<\/h4>\n<p>Ji\u017e brzy r\u00e1no jsme se se\u0161ly se Zde\u0148kou, kter\u00e1 n\u00e1s cel\u00fdm okruhem provedla. Jak prvn\u00ed jsme zav\u00edtaly na m\u00edstn\u00ed farmu, kde jsme pozorovaly islandsk\u00e9 kon\u011b. Pot\u00e9 jsme p\u0159ejely do N\u00e1rodn\u00edho parku <em>\u00deingvellir,<\/em> kter\u00fd je m\u00edstem s prvn\u00edm parlamentem na sv\u011bt\u011b a p\u0159ed\u011blem mezi Euroasijskou a Severoamerickou tektonickou deskou. D\u00e1le n\u00e1s \u010dekal vodop\u00e1d&nbsp;<em>Gullfoss, Geysir <\/em>a<em> Strokkur.&nbsp;<\/em>P\u0159edposledn\u00ed zast\u00e1vkou byly l\u00e1zn\u011b&nbsp;<em>Laugarvatn Fontana,&nbsp;<\/em>kde jsou relaxa\u010dn\u00ed baz\u00e9ny a sauny. Na z\u00e1v\u011br n\u00e1s \u010dekal <em>Keri\u00f0 Crater, <\/em>je zde jezero s pr\u016fzra\u010dnou vodou.<\/p>\n<p><img loading=\"lazy\" decoding=\"async\" class=\"alignnone size-medium wp-image-2445\" src=\"http:\/\/erasmus.vos-sosmost.cz\/wp-content\/uploads\/2023\/05\/20230519_095155-300x225.jpg\" alt=\"\" width=\"300\" height=\"225\"> <img loading=\"lazy\" decoding=\"async\" class=\"alignnone size-medium wp-image-2446\" src=\"http:\/\/erasmus.vos-sosmost.cz\/wp-content\/uploads\/2023\/05\/20230519_092358-225x300.jpg\" alt=\"\" width=\"225\" height=\"300\"><img loading=\"lazy\" decoding=\"async\" class=\"alignnone size-medium wp-image-2447\" src=\"http:\/\/erasmus.vos-sosmost.cz\/wp-content\/uploads\/2023\/05\/20230519_132838-300x225.jpg\" alt=\"\" width=\"300\" height=\"225\"> <img loading=\"lazy\" decoding=\"async\" class=\"alignnone size-medium wp-image-2448\" src=\"http:\/\/erasmus.vos-sosmost.cz\/wp-content\/uploads\/2023\/05\/20230519_184634-300x225.jpg\" alt=\"\" width=\"300\" height=\"225\"><\/p>\n<h4>Sobota<\/h4>\n<p>Den jsme za\u010daly n\u00e1v\u0161t\u011bvou \u010desk\u00e9 \u0161koli\u010dky. Skupiny jsme si vym\u011bnily, ke star\u0161\u00edm d\u011btem se tedy vydala M\u00ed\u0161a. P\u0159ipravila si pro n\u011b v\u00fdrobu superhrdinsk\u00e9 masky a pracovn\u00ed listy na vytlesk\u00e1v\u00e1n\u00ed \u010desk\u00fdch slov. Pro mlad\u0161\u00ed d\u011bti K\u00e1\u0165a p\u0159ipravila kreativn\u00ed \u010dinnost s otiskem ruky, kter\u00fd dokreslily tak,&nbsp; aby vypadal jako lesn\u00ed zv\u00ed\u0159e. Zopakovali jsme t\u00e9\u017e \u0159\u00edkanky s pohybem.<\/p>\n<p>&nbsp;<\/p>\n<h4>Ned\u011ble<\/h4>\n<p>Na tento den jsme si napl\u00e1novali n\u00e1v\u0161t\u011bvu&nbsp;<em>FlyOver Iceland,&nbsp;<\/em>jedn\u00e1 se o z\u00e1\u017eitek, p\u0159i kter\u00e9m se pomoc\u00ed 20 m pl\u00e1tna p\u0159enesete na zn\u00e1m\u00e1 m\u00edsta na Islandu. I kdy\u017e &#8222;let&#8220; trv\u00e1 pouze p\u00e1r minut, stoj\u00ed ur\u010dit\u011b za to ho vyzkou\u0161et.<\/p>\n<p><img loading=\"lazy\" decoding=\"async\" class=\"alignnone size-medium wp-image-2488\" src=\"http:\/\/erasmus.vos-sosmost.cz\/wp-content\/uploads\/2023\/05\/20230521_145227-300x225.jpg\" alt=\"\" width=\"300\" height=\"225\">&nbsp;<\/p>\n<p>&nbsp;<\/p>\n<h2>3. t\u00fdden (22. 5. 2023 &#8211; 28. 5. 2023)<\/h2>\n<h4>Pond\u011bl\u00ed<\/h4>\n<p>K\u00e1\u0165a dnes sv\u00e9 hodiny v rodin\u011b odvolala kv\u016fli za\u010d\u00ednaj\u00edc\u00ed nemoci. \u010cas v\u011bnovala p\u0159\u00edprav\u00e1m aktivit do \u010desk\u00e9 \u0161koli\u010dky. M\u00ed\u0161a rodinu nav\u0161t\u00edvila a vyr\u00e1b\u011bla dome\u010dek z natrhan\u00e9ho barevn\u00e9ho pap\u00edru.<\/p>\n<p>&nbsp;<\/p>\n<h4>\u00dater\u00fd<\/h4>\n<p>Dnes jsme ani jedna vyu\u010dov\u00e1n\u00ed v rodin\u011b nem\u011bla. \u010cekala n\u00e1s n\u00e1v\u0161t\u011bva knihovny, kterou K\u00e1\u0165a nakonec vynechala. M\u00ed\u0161a zde pomohla s t\u0159\u00edd\u011bn\u00edm cizojazy\u010dn\u00fdch knih.<\/p>\n<p>Mezit\u00edm, co byla M\u00ed\u0161a v knihovn\u011b, K\u00e1\u0165a nav\u0161t\u00edvila zdravotn\u00ed st\u0159edisko pobl\u00ed\u017e na\u0161eho bytu. Nic z\u00e1va\u017en\u00e9ho j\u00ed nezjistili, nedostala tedy ani \u017e\u00e1dn\u00e9 l\u00e9ky.<\/p>\n<p>P\u0159i zp\u00e1te\u010dn\u00ed cest\u011b n\u00e1s ob\u011b zasko\u010dily kroupy a siln\u00fd v\u00edtr, kter\u00fd je tu u\u017e n\u011bkolik dn\u00ed.<\/p>\n<p>Odpoledne jsme se ob\u011b v\u011bnovaly p\u0159\u00edprav\u011b t\u00e9matick\u00fdch pracovn\u00edch list\u016f.<\/p>\n<p><img loading=\"lazy\" decoding=\"async\" class=\"alignnone size-medium wp-image-2491\" src=\"http:\/\/erasmus.vos-sosmost.cz\/wp-content\/uploads\/2023\/05\/20230520_182951-240x300.jpg\" alt=\"\" width=\"240\" height=\"300\"><\/p>\n<h4>St\u0159eda<\/h4>\n<p>R\u00e1no jsme m\u011bly mo\u017enost nahl\u00e9dnout do tradi\u010dn\u00ed islandsk\u00e9 mate\u0159sk\u00e9 \u0161koly. Provedla n\u00e1s Zde\u0148ka, kter\u00e1 zde pracuje. Zpozorovaly jsme, \u017ee je zde mnohem v\u00edce u\u010ditel\u016f ne\u017e v \u010desk\u00fdch mate\u0159sk\u00fdch \u0161kol\u00e1ch. Prostory t\u0159\u00edd jsou pom\u011brn\u011b mal\u00e9, ale jsou rozd\u011blen\u00e9 do v\u00edce \u010d\u00e1st\u00ed. Dozv\u011bd\u011bly jsme se informace o islandsk\u00e9m \u0161kolstv\u00ed nap\u0159. d\u011bti nemaj\u00ed odklad a nemohou propadnout, p\u0159\u00edstup k \u017e\u00e1k\u016fm je individu\u00e1ln\u00ed a soust\u0159ed\u00ed se na kooperativn\u00ed u\u010den\u00ed.<\/p>\n<p><img loading=\"lazy\" decoding=\"async\" class=\"alignnone size-medium wp-image-2501\" src=\"http:\/\/erasmus.vos-sosmost.cz\/wp-content\/uploads\/2023\/05\/1301539-300x199.jpg\" alt=\"\" width=\"300\" height=\"199\"><\/p>\n<h4>\u010ctvrtek<\/h4>\n<p>Po\u010das\u00ed n\u00e1m p\u0159\u00edli\u0161 nep\u0159\u00e1lo. Dopoledne jsme pracovaly na p\u0159\u00edprav\u011b na sobotn\u00ed hodiny v \u010desk\u00e9 \u0161koli\u010dce.&nbsp;<\/p>\n<p>Odpoledne M\u00ed\u0161u \u010dekala posledn\u00ed n\u00e1v\u0161t\u011bva rodiny. Nejd\u0159\u00edve s d\u00edt\u011btem vyr\u00e1b\u011bla masku zv\u00ed\u0159ete a pot\u00e9 opakovala b\u00e1sni\u010dky s pohybem.<\/p>\n<p>K\u00e1\u0165a nav\u0161t\u00edvila rodinu, ve kter\u00e9 d\u00edt\u011b dostalo elektronick\u00e9 kl\u00e1vesy. Spole\u010dn\u011b n\u00e1stroj vyu\u017eily ke zp\u011bvu \u010desk\u00fdch lidov\u00fdch p\u00edsni\u010dek.<\/p>\n<p>&nbsp;<\/p>\n<h4>P\u00e1tek<\/h4>\n<p>Naposledy jsme nav\u0161t\u00edvily kostel&nbsp;<em>Hallgr\u00edmskirkja,&nbsp;<\/em>pro\u0161li jsme se&nbsp;<em>Rainbow Street&nbsp;<\/em>a nakoupily n\u011bjak\u00e9 suven\u00fdry nap\u0159. sv\u011btr a \u010delenku z prav\u00e9 islandsk\u00e9 ov\u010d\u00ed vlny.&nbsp;<\/p>\n<p>Ve\u010der K\u00e1\u0165a naposledy nav\u0161t\u00edvila rodinu, kde rozv\u00edjela jemnou motoriku pomoc\u00ed stavebnice Lego Duplo.<\/p>\n<p><img loading=\"lazy\" decoding=\"async\" class=\"alignnone size-medium wp-image-2502\" src=\"http:\/\/erasmus.vos-sosmost.cz\/wp-content\/uploads\/2023\/05\/20230526_112037-225x300.jpg\" alt=\"\" width=\"225\" height=\"300\"> <img loading=\"lazy\" decoding=\"async\" class=\"alignnone size-medium wp-image-2503\" src=\"http:\/\/erasmus.vos-sosmost.cz\/wp-content\/uploads\/2023\/05\/20230526_114415-225x300.jpg\" alt=\"\" width=\"225\" height=\"300\"><\/p>\n<h4>Sobota<\/h4>\n<p>R\u00e1no n\u00e1s \u010dekala posledn\u00ed n\u00e1v\u0161t\u011bva \u010desk\u00e9 \u0161koli\u010dky. Ob\u011b jsme hodinu pojaly kreativn\u011b.&nbsp;<\/p>\n<p>M\u00ed\u0161a s mlad\u0161\u00edmi d\u011btmi malovala rozkvetlou louku, d\u011blala pohybov\u00e9 \u0159\u00edkanky a hry. K\u00e1\u0165a se star\u0161\u00edmi d\u011btmi skl\u00e1dala origami \u017e\u00e1bu, se kter\u00fdmi si pot\u00e9 ud\u011blali \u017eab\u00ed z\u00e1vody.&nbsp;<\/p>\n<p>Rozlou\u010dily jsme se s pan\u00ed Renatou a d\u011btmi.&nbsp;<\/p>\n<p>Odpoledne jsme pomalu za\u010daly balit na cestu dom\u016f.<\/p>\n<p>&nbsp;<\/p>\n<h4>Ned\u011ble<\/h4>\n<p>R\u00e1no jsme sbalily posledn\u00ed v\u011bci, doklidily byt a vydaly se na cestu na leti\u0161t\u011b.<\/p>\n<p>P\u0159i p\u0159\u00edchodu n\u00e1s p\u0159ekvapilo samoodbaven\u00ed kufr\u016f. N\u00e1sleduj\u00edc\u00ed kontroly prob\u011bhly bez probl\u00e9m\u016f a my se mohly vydat na na\u0161i cestu dom\u016f.<\/p>\n<p>&nbsp;<\/p>\n<p>&nbsp;<\/p>\n<p>Douf\u00e1me, \u017ee se V\u00e1m n\u00e1\u0161 blog l\u00edbil a motivovalo V\u00e1s to se do projektu t\u00e9\u017e zapojit.<\/p>\n<p>S pozdravem K\u00e1\u0165a a M\u00ed\u0161a.<\/p>\n<p>&nbsp;<\/p>\n<p>&nbsp;<\/p>\n","protected":false},"excerpt":{"rendered":"<p>H\u00e6 z Islandu\ud83c\uddee\ud83c\uddf8 Zdrav\u00ed V\u00e1s K\u00e1\u0165a a M\u00ed\u0161a, r\u00e1dy bychom V\u00e1s provedly na\u0161\u00ed st\u00e1\u017e\u00ed v Reykjav\u00edku. Cesta Na\u0161e dobrodru\u017estv\u00ed zapo\u010dalo cestou po vlastn\u00ed ose na leti\u0161t\u011b V\u00e1clava Havla v Praze. Odbaven\u00ed zavazadel prob\u011bhlo \u00fasp\u011b\u0161n\u011b a my se mohly vydat na cestu. Po \u010dty\u0159ech hodin\u00e1ch v letadle jsme se ocitly na leti\u0161ti v Keflav\u00edku, ze kter\u00e9ho &hellip;<\/p>\n","protected":false},"author":1,"featured_media":2414,"comment_status":"closed","ping_status":"closed","sticky":false,"template":"","format":"standard","meta":{"ngg_post_thumbnail":0,"footnotes":""},"categories":[5],"tags":[],"class_list":["post-2181","post","type-post","status-publish","format-standard","has-post-thumbnail","hentry","category-island","entry entry-center"],"_links":{"self":[{"href":"https:\/\/erasmus.vos-sosmost.cz\/index.php?rest_route=\/wp\/v2\/posts\/2181","targetHints":{"allow":["GET"]}}],"collection":[{"href":"https:\/\/erasmus.vos-sosmost.cz\/index.php?rest_route=\/wp\/v2\/posts"}],"about":[{"href":"https:\/\/erasmus.vos-sosmost.cz\/index.php?rest_route=\/wp\/v2\/types\/post"}],"author":[{"embeddable":true,"href":"https:\/\/erasmus.vos-sosmost.cz\/index.php?rest_route=\/wp\/v2\/users\/1"}],"replies":[{"embeddable":true,"href":"https:\/\/erasmus.vos-sosmost.cz\/index.php?rest_route=%2Fwp%2Fv2%2Fcomments&post=2181"}],"version-history":[{"count":4,"href":"https:\/\/erasmus.vos-sosmost.cz\/index.php?rest_route=\/wp\/v2\/posts\/2181\/revisions"}],"predecessor-version":[{"id":2415,"href":"https:\/\/erasmus.vos-sosmost.cz\/index.php?rest_route=\/wp\/v2\/posts\/2181\/revisions\/2415"}],"wp:featuredmedia":[{"embeddable":true,"href":"https:\/\/erasmus.vos-sosmost.cz\/index.php?rest_route=\/wp\/v2\/media\/2414"}],"wp:attachment":[{"href":"https:\/\/erasmus.vos-sosmost.cz\/index.php?rest_route=%2Fwp%2Fv2%2Fmedia&parent=2181"}],"wp:term":[{"taxonomy":"category","embeddable":true,"href":"https:\/\/erasmus.vos-sosmost.cz\/index.php?rest_route=%2Fwp%2Fv2%2Fcategories&post=2181"},{"taxonomy":"post_tag","embeddable":true,"href":"https:\/\/erasmus.vos-sosmost.cz\/index.php?rest_route=%2Fwp%2Fv2%2Ftags&post=2181"}],"curies":[{"name":"wp","href":"https:\/\/api.w.org\/{rel}","templated":true}]}}