{"id":3100,"date":"2024-04-25T13:38:51","date_gmt":"2024-04-25T11:38:51","guid":{"rendered":"https:\/\/erasmus.vos-sosmost.cz\/?p=3100"},"modified":"2026-03-30T15:02:32","modified_gmt":"2026-03-30T13:02:32","slug":"meppel-23-4-16-5-2024","status":"publish","type":"post","link":"https:\/\/erasmus.vos-sosmost.cz\/?p=3100","title":{"rendered":"Meppel (23. 4. \u2013 16. 5. 2024)"},"content":{"rendered":"<p style=\"text-align: left\"><strong>Prvn\u00ed den (23.4. 2024)<\/strong><\/p>\n<p>Okolo sedm\u00e9 hodiny rann\u00ed jsme vyrazili \u0161koln\u00edm autem do m\u011bsta Meppel v Holandsku. Cesta trvala necel\u00fdch osm hodin. Po p\u0159\u00edjezdu do m\u011bsta n\u00e1s v Meppel&#8217;s Inn p\u0159\u00e1telsky p\u0159iv\u00edtal Bart van den Dolder a majitel\u00e9 ubytov\u00e1n\u00ed. Po ubytov\u00e1n\u00ed jsme se odebrali na ve\u010de\u0159i do nedalek\u00e9 restaurace a cestou jsme si prohl\u00e9dli \u010d\u00e1st mal\u00e9ho cihlov\u00e9ho m\u011bsta. V restauraci jsme se setkali se zbytkem \u010dlen\u016f Erasmu. Setkan\u00ed prob\u011bhlo hladce, ve\u010der jsme si velice u\u017eili.<\/p>\n<p><strong>Druh\u00fd den (24.4. 2024)<\/strong><\/p>\n<p>Po sn\u00eddani jsme se vydali na exkurzi do nov\u011b postaven\u00e9 m\u00edstn\u00ed nemocnice (Isala Meppel), kde n\u00e1s prov\u00e1zel mana\u017eer nemocnice. Byly jsme uchv\u00e1cen\u00e9 odli\u0161nostmi a vzhledem cel\u00e9ho komplexu. Nejv\u011bt\u0161\u00ed odli\u0161nosti jsou v oblastech: vybaven\u00ed, d\u00e9lky hospitalizace, veden\u00ed dokumentace (elektronickou formou) a celkov\u00e9ho p\u0159\u00edstupu k nemoci (pobyt v nemocnici pouze p\u0159i velk\u00fdch pot\u00ed\u017e\u00edch). Po skon\u010den\u00ed exkurze jsme \u0161li na ob\u011bd a pot\u00e9 jsme vyrazili na proch\u00e1zku malebn\u00fdm m\u011bstem. Po\u010das\u00ed nebylo sice moc p\u0159\u00edzniv\u00e9, ale i p\u0159esto jsme si vyzvedli kola a pot\u00e9 jsme se vydali spole\u010den\u011b s p. Harmjanem do Berghorstu.&nbsp;<\/p>\n<p><strong>T\u0159et\u00ed a \u010ctvrt\u00fd den (25-26.4. 2024)<\/strong><\/p>\n<p>P\u0159ed des\u00e1tou hodinou jsme se na kole dopravili do Berghorstu, cesta trvala necelou p\u016fl hodinu. Kdy\u017e jsme p\u0159evl\u00e9kli do uniforem, tak se n\u00e1s sestry ujaly a uk\u00e1zaly n\u00e1m odpoledn\u00ed chod za\u0159\u00edzen\u00ed. P\u0159ihl\u00ed\u017eeli jsme sestersk\u00e9 pr\u00e1ci a pomalu se rozkouk\u00e1vali, abychom se pozd\u011bji mohli zapojit.&nbsp;<\/p>\n<p>R\u00e1no jsme vyrazili ji\u017e v 6:15h, cesta prob\u011bhla l\u00e9pe ne\u017e p\u0159edchoz\u00ed den. R\u00e1no jsme se p\u0159idali k rann\u00ed hygien\u011b a \u00faprav\u011b zevn\u011bj\u0161ku klient\u016f. Narazili jsme i na anglicky mluv\u00edc\u00ed klienty, co\u017e byla velice p\u0159\u00edjemn\u00e1 zm\u011bna a kone\u010dn\u011b jsme si mohli tro\u0161ku popov\u00eddat, jeliko\u017e ostatn\u00ed mluv\u00ed pouze holandsky. Dostali jsme se i k p\u0159\u00edprav\u011b medikament\u016f a k n\u00e1sledn\u00e9mu zaps\u00e1n\u00ed do dokumentace. B\u011bhem pauzy jsme u\u010dili sestry \u010desk\u00e1 slova a z\u00e1kladn\u00ed fr\u00e1ze a ony n\u00e1s u\u010dily ty holandsk\u00e9. Sestry n\u00e1s sezn\u00e1mily s administrativn\u00ed prac\u00ed, kter\u00e1 prob\u00edh\u00e1 digit\u00e1ln\u011b v programu, jak v tabletech, tak na PC. V odpoledn\u00edch hodin\u00e1ch jsme nav\u0161t\u011bvovali klienty a\u0165 u\u017e kv\u016fli p\u0159\u00edprav\u011b men\u0161\u00ed sva\u010diny a k\u00e1vy nebo kv\u016fli prost\u00e9mu rozhovoru. Pot\u00e9 okolo t\u0159et\u00ed hodiny p\u0159i\u0161li p\u0159ed Berghorst zazp\u00edvat p\u0159ev\u00e1\u017en\u011b d\u011bti, ale i dosp\u011bl\u00ed. Zp\u00edvali holandskou hymnu a k\u0159es\u0165ansk\u00e9 p\u00edsn\u011b kv\u016fli z\u00edt\u0159ej\u0161\u00ed oslav\u011b (27.4. 2024) narozenin holandsk\u00e9ho kr\u00e1le. Po cel\u00e9m dni jsme byly docela unaven\u00e9, ale tohle bylo velice p\u0159\u00edjemn\u00e9 zpest\u0159en\u00ed dne.&nbsp;<\/p>\n<p><strong>P\u00e1t\u00fd den (27.4. 2024)<\/strong><\/p>\n<p>V tento den po cel\u00e9m Holandsku prob\u00edhaly oslavy narozenin kr\u00e1le. V\u0161e se ladilo do oran\u017eov\u00e9 barvy, jeliko\u017e dynastie ze kter\u00e9 poch\u00e1z\u00ed se jmenuje oran\u017esko-nasavsk\u00e1. Okolo dev\u00e1t\u00e9 jsme do\u0161li do podniku, kde jsme si dali \u010daj, v uzav\u0159en\u00e9 spole\u010dnosti, proto\u017ee jsme byli \u010destn\u00fdmi hosty starosty Meppelu. N\u00e1sledn\u011b jsme se p\u0159esunuli na nedalek\u00e9 n\u00e1m\u011bst\u00ed, kde zapo\u010daly slavnosti. V doprovodu orchestru se zp\u00edvaly r\u016fzn\u00e9 p\u00edsni\u010dky mezi nimi\u017e byla i n\u00e1rodn\u00ed hymna. P\u00edsn\u011b byly velice chytlav\u00e9, a\u010dkoliv jsme nerozum\u011bli ani slovu. Odpoledne jsme se rozhodli proj\u00edt m\u011bsto, slo\u017eit\u011bj\u0161\u00edm zp\u016fsobem a to bez pou\u017eit\u00ed map. Do\u0161li jsme se k v\u011btrn\u00e9mu ml\u00fdnu a zkusili \u0161t\u011bst\u00ed zda je otev\u0159en\u00fd. M\u011bli jsme pot\u00ed\u017ee s otev\u0159en\u00edm dve\u0159\u00ed, kter\u00e9 m\u011bly zvl\u00e1\u0161tn\u00ed kliku. Jeden ze zam\u011bstnanc\u016f si n\u00e1s v\u0161iml a dve\u0159e otev\u0159el. N\u00e1sledn\u011b n\u00e1s provedl ml\u00fdnem a vysv\u011btlil co a jak funguje, historii ml\u00fdna a sd\u011blil n\u00e1m legendu o m\u011bst\u011b Meppel. Nikdy bychom nev\u011b\u0159ili \u017ee i takov\u00e1 mali\u010dkost jako je n\u00e1v\u0161t\u011bva ml\u00fdna m\u016f\u017ee p\u0159in\u00e9st tolik radosti.<\/p>\n<p><strong>Den \u0161est\u00fd (28.4. 2024)<\/strong><\/p>\n<p>Odpoledne n\u00e1s vyzvedla p. Hetty i s jej\u00ed kamar\u00e1dkou a vydali jsme se do m\u011bsta Zwolle. Nav\u0161t\u00edvili jsme knihkupectv\u00ed v b\u00fdval\u00e9m kostele. Nejv\u00edce n\u00e1s zaujala velikost vnit\u0159n\u00edch prostor\u016f. Knihkupectv\u00ed m\u011blo \u010dty\u0159i patra a velik\u00fd sortiment i anglick\u00e9 literatury. Po zaplacen\u00ed n\u00e1kupu jsme \u0161li spole\u010dn\u011b na k\u00e1vu a z\u00e1kusek. Nakonec na\u0161eho v\u00fdletu jsme se pod\u00edvali do Primarku a t\u00edm byl n\u00e1\u0161 den u konce.&nbsp;<\/p>\n<p><b>Den sedm\u00ed, osm\u00fd a dev\u00e1t\u00fd (29.4-1.5. 2024)<\/b><\/p>\n<p>B\u011bhem t\u011bchto dn\u016f jsme m\u011bli praxi. Pom\u00e1hali jsme sestr\u00e1m s rann\u00ed hygienou klient\u016f a pozorovali je p\u0159i p\u0159\u00edprav\u011b rann\u00ed medikace. Sna\u017eili jsme se komunikovat s klienty i p\u0159es ji\u017e zm\u00edn\u011bnou jazykovou bari\u00e9ru to bylo slo\u017eit\u00e9. Nejv\u00edce se dorozum\u00edv\u00e1me gesty, posunky a v m\u00e1lo p\u0159\u00edpadech i jednoduch\u00fdmi anglick\u00fdmi v\u00fdrazy. Pot\u00e9 n\u00e1sleduje kr\u00e1tk\u00e1 pauza na k\u00e1vu po n\u00ed\u017e se pokra\u010duje v p\u00e9\u010di o klienty, co\u017e znamen\u00e1 prost\u00fd rozhovor, p\u0159\u00edprava ob\u010derstven\u00ed dle p\u0159\u00e1n\u00ed klienta a ob\u010das i administrativa. P\u0159ed dvan\u00e1ctou hodinou, kdy\u017e je \u010das ob\u011bda, tak n\u011bkter\u00fdm klient\u016fm pom\u016f\u017eeme se sebeobsluhou u j\u00eddla a ty dal\u0161\u00ed doprovod\u00edme do j\u00eddelny, kde spole\u010dn\u011b ob\u011bdvaj\u00ed. My se v\u0161ak v tento \u010das p\u0159esouv\u00e1me tak\u00e9 na ob\u011bdovou p\u0159est\u00e1vku. Po ob\u011bd\u011b se n\u011bkte\u0159\u00ed klienti ukl\u00e1daj\u00ed k odpoledn\u00edmu sp\u00e1nku, ale to a\u017e po poledn\u00ed medikaci. Odpoledne klient\u016fm uva\u0159\u00edme \u010daj nebo k\u00e1vu a dopln\u00edme ji su\u0161enkou. T\u00edmto je n\u00e1\u0161 den skoro u konce a po administrativn\u00ed \u010dinnosti sester odch\u00e1z\u00edme dom\u016f.<\/p>\n<p><strong>Den des\u00e1t\u00fd a jeden\u00e1ct\u00fd (2-3.5 2024)<\/strong><\/p>\n<p>Ve \u010dtvrtek jsme dopoledne pracovali na zadan\u00e9 pr\u00e1ci a odpoledne jsme \u0161li do m\u011bsta na proch\u00e1zku a pot\u00e9 nakoupit suroviny na ve\u010de\u0159i. Dostali jsme n\u00e1pad ud\u011blat t\u011bstovinov\u00fd sal\u00e1t. Na tuto ve\u010de\u0159i jsme pozvali i p. Barta, byl to poda\u0159en\u00fd ve\u010der, kde jsme rozeb\u00edrali r\u016fzn\u00e1 t\u00e9mata. Na z\u00e1v\u011br ve\u010dera jsme dostali pochvalu za p\u0159\u00edpravu j\u00eddla a cel\u00e9ho n\u00e1padu s pozv\u00e1n\u00edm.<\/p>\n<p>P\u00e1te\u010dn\u00ed odpoledne jsme str\u00e1vili ve Staphorstu co\u017e je vedlej\u0161\u00ed m\u011bsto. Spole\u010dn\u011b s Lidy jsme si vyzkou\u0161eli stipwerk, je to tradi\u010dn\u00ed technika te\u010dkov\u00e1n\u00ed slou\u017e\u00edc\u00ed ke zdoben\u00ed v\u011bc\u00ed. Jako suven\u00fdr jsme si z d\u00edlny odnesli n\u00e1mi nazdoben\u00fd den\u00edk. Na\u0161e cesta pokra\u010dovala do m\u00edstn\u00edho muzea, kde jsme se sezn\u00e1mili s d\u0159\u00edv\u011bj\u0161\u00edm \u017eivotem obyvatel Staphorstu. Po ukon\u010den\u00ed prohl\u00eddky jsme se vr\u00e1tili do Meppelu.<\/p>\n<p><strong>Den dvan\u00e1ct\u00fd (4.5. 2024)<\/strong><\/p>\n<p>V tento den jsme s p. Hetty a p. Mieke vyrazili do Giethoornu, kter\u00fd je p\u0159ezd\u00edvan\u00fd Nizozemsk\u00fdmi Ben\u00e1tkami. M\u011bstem prot\u00e9kaj\u00ed vodn\u00ed kan\u00e1ly, tak\u017ee hlavn\u00edm dopravn\u00edm prost\u0159edkem jsou lo\u010fky. P\u0159ed za\u010d\u00e1tkem plavby po m\u011bst\u011b jsme si dali k\u00e1vu a n\u00e1sledn\u011b jsme nastoupili na lo\u010f. Plavba trvala asi hodinu b\u011bhem kter\u00e9 n\u00e1m kapit\u00e1n \u0159\u00edkal o zaj\u00edmavostech a historii m\u011bsta. V pr\u016fb\u011bhu jsme si v\u0161imli kr\u00e1s m\u00edstn\u00ed p\u0159\u00edrody. Po skon\u010den\u00ed plavby jsme se odebrali do muzea zam\u011b\u0159en\u00e9ho na zp\u016fsob \u017eivota a historii tam\u011bj\u0161\u00edch obyvatel podobn\u011b jako ve Staphorstu a\u017e na n\u011bkter\u00e9 rozd\u00edly, nap\u0159. lodn\u00ed p\u0159eprava dobytka, svateb\u010dan\u016f, zesnul\u00fdch i poz\u016fstal\u00fdch. Lod\u011b se zde vyu\u017e\u00edvaj\u00ed zkr\u00e1tka pro v\u0161echno. Nakonec jsme se porozhl\u00e9dli po suven\u00fdrech, p\u00e1r jich koupili a jelo se nazp\u011bt. N\u00e1v\u0161t\u011bva Giethoornu se n\u00e1m velice l\u00edbila a den jsme si moc u\u017eili.<\/p>\n<p><strong>Den t\u0159in\u00e1ct\u00fd (5.5. 2024)<\/strong><\/p>\n<p>V dopoledn\u00edch hodin\u00e1ch jsme se byli proj\u00edt po m\u011bst\u011b, kter\u00e9 bylo pusto pr\u00e1zdn\u00e9, kv\u016fli dne\u0161n\u00edmu st\u00e1tn\u00edmu sv\u00e1tku (Den osvobozen\u00ed). Zbytek dne nebyl o nic zaj\u00edmav\u011bj\u0161\u00ed, str\u00e1vili jsme ho v Meppel&#8217;s Innu a dod\u011bl\u00e1vali jsme co bylo pot\u0159eba.&nbsp;<\/p>\n<p><strong>Den \u010dtrn\u00e1ct\u00fd, patn\u00e1ct\u00fd a \u0161estn\u00e1ct\u00fd (6-8.5. 2024)<\/strong><\/p>\n<p>V pond\u011bl\u00ed jsme spolupracovali s person\u00e1lem, kter\u00fd zaji\u0161\u0165uje aktivity pro klienty. Dopoledne jsme pom\u00e1hali se sebeobsluhou a \u00faklidem dom\u00e1cnostmi klient\u016f (myt\u00ed n\u00e1dob\u00ed, p\u0159\u00edprava sva\u010diny, k\u00e1va atd.). N\u011bkter\u00e9 klienty jsme vzali ven na proch\u00e1zku. Na p\u0159\u00e1n\u00ed jedn\u00e9 klienty jsme nav\u0161t\u00edvili m\u00edstn\u00ed zoo. Zaujalo n\u00e1s, \u017ee v zoo se o zv\u00ed\u0159ata starali p\u0159ev\u00e1\u017en\u011b lid\u00e9 s r\u016fzn\u00fdm handicapem jako je nap\u0159. Down\u016fv syndrom. Po n\u00e1vratu z proch\u00e1zky jsme se p\u0159esunuli do klubovny, kde jsme spole\u010dn\u011b s klienty vyr\u00e1b\u011bli p\u0159\u00e1n\u00ed k narozenin\u00e1m na prodej. V\u00fdd\u011blek z nich se pou\u017e\u00edv\u00e1 na dal\u0161\u00ed aktivity a v\u00fdlety pro klienty.<\/p>\n<p>\u00dater\u00fd a st\u0159eda prob\u00edhali stejn\u011b jako na\u0161e p\u0159ede\u0161l\u00e9 dny v Berghorstu. Za\u010d\u00ednali jsme rann\u00ed hygienou a rann\u00ed medikac\u00ed. Pot\u00e9 jsme p\u0159ipravovali sva\u010diny, k\u00e1vu a u toho si pov\u00eddali s klienty. Odpoledne jsme chodili za klienty na individu\u00e1ln\u00ed rozhovor, pt\u00e1t se zda je n\u011bco netr\u00e1p\u00ed a necht\u011bj\u00ed se o tom pobavit. Tyto dny u\u017e jsme byly zapojeny v\u00edce do pr\u00e1ce, jeliko\u017e u\u017e jsme si byly jist\u011bj\u0161\u00ed t\u00edm co d\u011bl\u00e1me a sestry n\u00e1m v\u00edce d\u016fv\u011b\u0159uj\u00ed.<\/p>\n<p><strong>Den sedmn\u00e1ct\u00fd (9.5. 2024)<\/strong><br \/>\nDopoledne jsem se v\u011bnovali zadan\u00e9 pr\u00e1ci. Vypracov\u00e1vali jsme prezentaci o zdravotnictv\u00ed v Holandsku. O jeho rozd\u00edlech, v\u00fdhod\u00e1ch, nev\u00fdhod\u00e1ch atd. Na konci dne jsme vyrazili na prohl\u00eddku muzea v Meppelu. Na\u0161e n\u00e1v\u0161t\u011bva byla soukrom\u00e1, doprov\u00e1zela n\u00e1s pouze p. Mieke, kter\u00e1 v muzeu pracuje. Mieke je histori\u010dkou um\u011bn\u00ed, a tak n\u00e1m sd\u011blila spoustu zaj\u00edmav\u00fdch informac\u00ed o jednotliv\u00fdch d\u00edlech a jejich autorech. D\u00edky t\u011bmto informac\u00edm jsme l\u00e9pe porozum\u011bli jednotliv\u00fdm expozic\u00edm a v\u00fdznamu d\u011bl.<\/p>\n<p><strong>Den osmn\u00e1ct\u00fd (10.5. 2024)<\/strong><\/p>\n<p>U sn\u00eddan\u011b jsme dostali n\u00e1pad nav\u0161t\u00edvit jin\u00e9 m\u011bsto, konkr\u00e9tn\u011b m\u011bsto Zwolle. Nasedli jsme na autobus a vyrazili jsme si u\u017e\u00edt den. Pot\u00e9 co jsme se vr\u00e1tili jsme dokon\u010dovali a upravovali zadanou prezentaci.<\/p>\n<p><strong>Den devaten\u00e1ct\u00fd (11.5. 2024)<\/strong><\/p>\n<p>V sobotu r\u00e1no jsme vyrazili spolu s p. Bartem a jeho \u017eenou do Keukenhofu. Cesta trvala n\u011bco p\u0159es dv\u011b hodiny, ale i tak se to vyplatilo. V zahrad\u011b nebylo u\u017e moc kv\u011btin, jeliko\u017e u\u017e bylo pozd\u011b, n\u011bkter\u00e9 kv\u011btiny u\u017e byly odkvetl\u00e9. Ale i p\u0159esto toho bylo dost k vid\u011bn\u00ed a i ten zbytek co tam kvetl byl n\u00e1dhern\u00fd. Zahrada hr\u00e1la v\u0161emi barvami. Pro\u0161li jsme skoro cel\u00fd are\u00e1l botanick\u00e9 zahrady, vid\u011bli jsme spoustu rostlin a velk\u00fd fla\u0161inet, jeho\u017e hudba se rozl\u00e9hala po cel\u00e9m okol\u00ed. Na konci slune\u010dn\u00e9ho dne pln\u00e9ho z\u00e1\u017eitk\u016f jsme se vydali zp\u011bt do Meppelu. Cel\u00fd den byl b\u00e1je\u010dn\u00fd a m\u011bli jsme p\u0159\u00edle\u017eitost v\u00edce poznat p. B\u00e1rta a jeho \u017eenu Janet.<\/p>\n<p><strong>Den dvac\u00e1t\u00fd (12.5. 2024)<\/strong><\/p>\n<p>V dopoledn\u00edch hodin\u00e1ch jsme m\u011bli napl\u00e1novan\u00fd v\u00fdlet s Mieke do Drents Muzea v Assenu. Vid\u011bli jsme spoustu kr\u00e1sn\u00fdch v\u00fdtvor\u016f od sv\u011btozn\u00e1m\u00fdch um\u011blc\u016f. Po celou dobu n\u00e1v\u0161t\u011bvy muzea n\u00e1s doprov\u00e1zela p\u0159\u00edjemn\u00e1 atmosf\u00e9ra prost\u0159ed\u00ed. B\u011bhem prohl\u00ed\u017een\u00ed si obraz\u016f a ostatn\u00edho um\u011bn\u00ed n\u00e1m Mieke vysv\u011btlila skryt\u00fd v\u00fdznam obraz\u016f a techniky, kter\u00fdmi byli vytvo\u0159eny. Dozv\u011bd\u011bli jsme se mnoho nov\u00e9ho a zaj\u00edmav\u00e9ho. Sou\u010d\u00e1st\u00ed vstupenky byl i vstup do expozice panenek a domu pro panenky. V t\u00e9to \u010d\u00e1sti jsme my byli panenkami a prostory byly dome\u010dkem pro n\u00e1s, v\u0161e bylo v \u017eivotn\u00ed velikosti. V dom\u011b byl vyobrazen\u00fd \u017eivot v minulosti v dob\u011b 18. stol. N\u00e1sledn\u011b jsme se po kr\u00e1tk\u00e9 proch\u00e1zce po m\u011bst\u011b dostali ke galerii, kde byly obrazy b\u00fdval\u00e9 studentky Mieke. Bylo fajn str\u00e1vit n\u011bjak\u00fd \u010das s Mieke den byl velice pou\u010dn\u00fd a byla i z\u00e1bava.&nbsp;<\/p>\n<p><strong>Den dvac\u00e1t\u00fd prvn\u00ed a dvac\u00e1t\u00fd druh\u00fd (13-14.5. 2024)<\/strong><\/p>\n<p>V pond\u011bl\u00ed jsme pracovali od dev\u00edti, proto\u017ee jsme byly znovu p\u0159id\u011blen\u00e9 k person\u00e1lu, kter\u00fd pom\u00e1h\u00e1 klient\u016fm s chodem dom\u00e1cnosti a spravuj\u00ed pro n\u011b aktivity. Jeliko\u017e u\u017e to bylo na\u0161e druh\u00e9 pond\u011bl\u00ed v tomto re\u017eimu, tak u\u017e jsme v\u011bd\u011bli co n\u00e1s \u010dek\u00e1. Av\u0161ak si pro n\u00e1s sestry p\u0159ipravily p\u0159ekvapen\u00ed, kter\u00fdm bylo vyzkou\u0161et si na vlastn\u00ed k\u016f\u017ei tradi\u010dn\u00ed kroj Staphorstu. Vzpom\u00ednka to bude a\u017e do konce \u017eivota, ale znovu u\u017e bychom to na sob\u011b m\u00edt necht\u011bli, proto\u017ee sukn\u011b i pono\u017eky hrozn\u011b kousaly a bylo v tom hrozn\u00e9 vedro.<\/p>\n<p>V \u00fater\u00fd jsme pracovali jako klasicky dle denn\u00edho harmonogramu. Rann\u00ed medikace, hygiena, ob\u010derstven\u00ed pro klienty, rozhovor s klienty a individu\u00e1ln\u00ed p\u00e9\u010de o ka\u017ed\u00e9ho p\u0159id\u011blen\u00e9ho klienta. Na konci pracovn\u00ed doby se s n\u00e1mi person\u00e1l rozlou\u010dil, pop\u0159\u00e1li n\u00e1m \u0161t\u011bst\u00ed do \u017eivota a studia. Pak u\u017e jsme si jen zam\u00e1vali a jeli jsme nazp\u011bt do Meppelu.<\/p>\n<p><strong>Den dvac\u00e1t\u00fd t\u0159et\u00ed (15.5. 2024)<\/strong><\/p>\n<p>Dopoledne jsme se p\u0159ipravovali na prezentaci, jak psychicky, tak fyzicky, kter\u00e1 n\u00e1s \u010dekala ve 14h na radnici v Meppelu. Okolo jedn\u00e9 hodiny jsme vyrazili na radnici, kde jsme v hlavn\u00ed hale \u010dekali na ostatn\u00ed v\u010detn\u011b starosty. Po p\u0159\u00edchodu ostatn\u00edch jsme se usadili do zasedac\u00ed m\u00edstnosti, kde jsme m\u011bli prezentaci a proslov k n\u00ed. Prezentaci jsme \u00fasp\u011b\u0161n\u011b zvl\u00e1dli a n\u00e1sledn\u011b n\u00e1m byly slavnostn\u011b p\u0159edan\u00e9 certifik\u00e1ty o \u00fa\u010dasti st\u00e1\u017ee v Holandsku. Ud\u011blali jsme si spole\u010dn\u011b s panem starostou fotky na kter\u00fdch nesm\u011bl chyb\u011bt ani samotn\u00fd kr\u00e1l Nizozemska (na obraze za n\u00e1mi, viz foto). P\u0159edali jsme ta\u0161ky se sladkostmi a r\u016fzn\u00fdmi pochutinami z \u010cR v\u010detn\u011b tulip\u00e1n\u016f, kter\u00e9 Hanka vyrobila. I zde jsme se se v\u0161emi rozlou\u010dili a\u017e na B\u00e1rta, kter\u00e9ho jsme pozvali na limon\u00e1du, hezky jsme si popov\u00eddali o cel\u00e9m pr\u016fb\u011bhu st\u00e1\u017ee. A\u010dkoliv byl den stresuj\u00edc\u00ed, tak to nakonec v\u0161echno dob\u0159e dopadlo.&nbsp;<\/p>\n<p>&nbsp;<\/p>\n<p><strong>Den dvac\u00e1t\u00fd \u010dtvrt\u00fd (16.5. 2024)<\/strong><\/p>\n<p>Brzo r\u00e1no jsme dobalili, co bylo pot\u0159eba a vyrazili jsme na vlak. Cesta byla velice zdlouhav\u00e1 a n\u00e1ro\u010dn\u00e1, ale nakonec jsme dorazili v po\u0159\u00e1dku do c\u00edlov\u00e9 destinace, kde u\u017e na n\u00e1s \u010dekali rodi\u010de, kte\u0159\u00ed si n\u00e1s p\u0159evzali a dovezli bezpe\u010dn\u011b dom\u016f. T\u00edmto je n\u00e1\u0161 blog o na\u0161em dobrodru\u017estv\u00ed u konce. B\u011bhem pobytu v Holandsku jsme nasb\u00edrali mnoho nov\u00fdch zku\u0161enost\u00ed a v\u00edce jsme se osamostatnili. Na pam\u011bti n\u00e1m v\u0161ak nav\u017edy z\u016fstanou i nezapomenuteln\u00e9 z\u00e1\u017eitky a vzpom\u00ednky, kter\u00e9 jsme m\u011bli mo\u017enost d\u00edky tomuto projektu za\u017e\u00edt. T\u00edmto d\u011bkujeme v\u0161em, kdo n\u00e1m umo\u017enili b\u00fdt sou\u010d\u00e1st\u00ed t\u00e9to st\u00e1\u017ee, moc si toho v\u00e1\u017e\u00edme&#8230;<\/p>\n<p>&nbsp;<\/p>\nngg_shortcode_0_placeholder\n<p style=\"text-align: right\">Vanesa a Hanka&nbsp;<\/p>\n","protected":false},"excerpt":{"rendered":"<p>Prvn\u00ed den (23.4. 2024) Okolo sedm\u00e9 hodiny rann\u00ed jsme vyrazili \u0161koln\u00edm autem do m\u011bsta Meppel v Holandsku. Cesta trvala necel\u00fdch osm hodin. Po p\u0159\u00edjezdu do m\u011bsta n\u00e1s v Meppel&#8217;s Inn p\u0159\u00e1telsky p\u0159iv\u00edtal Bart van den Dolder a majitel\u00e9 ubytov\u00e1n\u00ed. Po ubytov\u00e1n\u00ed jsme se odebrali na ve\u010de\u0159i do nedalek\u00e9 restaurace a cestou jsme si prohl\u00e9dli \u010d\u00e1st &hellip;<\/p>\n","protected":false},"author":1,"featured_media":0,"comment_status":"closed","ping_status":"closed","sticky":false,"template":"","format":"standard","meta":{"ngg_post_thumbnail":0,"footnotes":""},"categories":[8],"tags":[],"class_list":["post-3100","post","type-post","status-publish","format-standard","hentry","category-holandsko","entry entry-center"],"_links":{"self":[{"href":"https:\/\/erasmus.vos-sosmost.cz\/index.php?rest_route=\/wp\/v2\/posts\/3100","targetHints":{"allow":["GET"]}}],"collection":[{"href":"https:\/\/erasmus.vos-sosmost.cz\/index.php?rest_route=\/wp\/v2\/posts"}],"about":[{"href":"https:\/\/erasmus.vos-sosmost.cz\/index.php?rest_route=\/wp\/v2\/types\/post"}],"author":[{"embeddable":true,"href":"https:\/\/erasmus.vos-sosmost.cz\/index.php?rest_route=\/wp\/v2\/users\/1"}],"replies":[{"embeddable":true,"href":"https:\/\/erasmus.vos-sosmost.cz\/index.php?rest_route=%2Fwp%2Fv2%2Fcomments&post=3100"}],"version-history":[{"count":4,"href":"https:\/\/erasmus.vos-sosmost.cz\/index.php?rest_route=\/wp\/v2\/posts\/3100\/revisions"}],"predecessor-version":[{"id":3343,"href":"https:\/\/erasmus.vos-sosmost.cz\/index.php?rest_route=\/wp\/v2\/posts\/3100\/revisions\/3343"}],"wp:attachment":[{"href":"https:\/\/erasmus.vos-sosmost.cz\/index.php?rest_route=%2Fwp%2Fv2%2Fmedia&parent=3100"}],"wp:term":[{"taxonomy":"category","embeddable":true,"href":"https:\/\/erasmus.vos-sosmost.cz\/index.php?rest_route=%2Fwp%2Fv2%2Fcategories&post=3100"},{"taxonomy":"post_tag","embeddable":true,"href":"https:\/\/erasmus.vos-sosmost.cz\/index.php?rest_route=%2Fwp%2Fv2%2Ftags&post=3100"}],"curies":[{"name":"wp","href":"https:\/\/api.w.org\/{rel}","templated":true}]}}