{"id":560,"date":"2019-11-11T09:55:45","date_gmt":"2019-11-11T08:55:45","guid":{"rendered":"http:\/\/erasmus.vos-sosmost.cz\/?p=560"},"modified":"2026-03-30T15:03:14","modified_gmt":"2026-03-30T13:03:14","slug":"reykjavik-6-11-22-11-2019","status":"publish","type":"post","link":"https:\/\/erasmus.vos-sosmost.cz\/?p=560","title":{"rendered":"Reykjav\u00edk (6. 11. &#8211; 22. 11. 2019)"},"content":{"rendered":"<p>Na\u0161i cestu za\u010d\u00edn\u00e1me 6. 11. na pra\u017esk\u00e9m leti\u0161ti, kde se sch\u00e1z\u00edme ve \u010dty\u0159i hodiny r\u00e1no a s hesly:&nbsp; <em>&#8222;co nem\u00e1\u0161, to nepot\u0159ebuje\u0161&#8220; &#8222;z\u00e1\u017eitek, nemus\u00ed b\u00fdt pozitivn\u00ed hlavn\u011b, \u017ee je siln\u00fd&#8220;<\/em> a <em>&#8222;probl\u00e9my se \u0159e\u0161\u00ed, a\u017e kdy\u017e nastanou&#8220;<\/em> vyr\u00e1\u017e\u00edme sm\u011br Reykjav\u00edk s mezi zast\u00e1vkou v Amsterdamu. Na m\u00edsto dor\u00e1\u017e\u00edme unaven\u00e9 a vd\u011b\u010dn\u00e9 za postel.<\/p>\n<p>V dal\u0161\u00edch dvou dnech se seznamujeme s rodinami a pom\u00e1h\u00e1me v cizojazy\u010dn\u00e9 knihovn\u011b.<\/p>\n<p>V sobotu se probouz\u00edme s nad\u0161en\u00edm, proto\u017ee kone\u010dn\u011b uvid\u00edme jak prob\u00edh\u00e1 \u010desk\u00e1 \u0161koli\u010dka. Rozd\u011blili n\u00e1s do dvou t\u0159\u00edd, mlad\u0161\u00ed a star\u0161\u00ed, kde jsme se pod\u00edlely na v\u00fduce. D\u011bt\u00ed bylo ve t\u0159\u00edd\u011b pom\u011brn\u011b m\u00e1lo a tak jsme m\u011bly dostatek prostoru a \u010dasu se s nimi sezn\u00e1mit. Odpoledne jsme vyrazily s \u010deskou komunitou na chatu do st\u0159edu Islandu.&nbsp; Sezn\u00e1mily jsme se s lidmi z \u010desk\u00e9 komunity a poslechly si p\u0159\u00edb\u011bhy jak se na Island dostaly. Po ve\u010de\u0159i jsme pro d\u011bti i dosp\u011bl\u00e9 uskute\u010dnily program pln\u00fd her.&nbsp;<\/p>\n<p>V ned\u011bli vyr\u00e1\u017e\u00edme za dobrodru\u017estv\u00edm i p\u0159es to, \u017ee je hl\u00e1\u0161eno tak \u0161patn\u00e9 po\u010das\u00ed, \u017ee i m\u00edstn\u00ed \u0159\u00edkaj\u00ed: &#8222;Bude hnusn\u011b.&#8220;&nbsp; To n\u00e1s trochu zarazilo, ale neboj\u00e1cn\u011b se vyd\u00e1v\u00e1me vst\u0159\u00edc nov\u00fdm z\u00e1\u017eitk\u016fm. Nev\u00edme, jestli jsme si na \u0161patn\u00e9 po\u010das\u00ed u\u017e tak navykly, nebo jsme nic p\u0159es vrstvy oble\u010den\u00ed nec\u00edtily, ale bylo n\u00e1m dob\u0159e a hl\u00e1\u0161en\u00e1 vich\u0159ice n\u00e1s asi minula.&nbsp; Projely jsme zlat\u00fd islandsk\u00fd okruh, kter\u00fd zahrnuje: Zlat\u00fd vodop\u00e1d Gullfoss, Geysir, vulk\u00e1n a n\u011bkolik dal\u0161\u00edch vodop\u00e1d\u016f. Cestou jsme se zastavovaly u roztomil\u00fdch islandsk\u00fdch kon\u00ed. Asi hodinu jsme se proh\u0159\u00edvaly v tepl\u00e9m p\u0159\u00edrodn\u00edm baz\u00e9nu- nejstar\u0161\u00edm na Islandu. Jeliko\u017e se zde brzy stm\u00edv\u00e1, most mezi Evropou a Amerikou jsme si v t\u00e9 tm\u011b musely u\u017e jen p\u0159edstavit. Dom\u016f jsme se dostaly unaven\u00e9, ale pln\u00e9 z\u00e1\u017eitk\u016f.<\/p>\n<p>Dal\u0161\u00ed den, tedy v pond\u011bl\u00ed, jsme mimo n\u00e1v\u0161t\u011bv rodin, jen sledovaly z okna de\u0161tiv\u00e9 po\u010das\u00ed, ale v \u00fater\u00fd jsme si to bohat\u011b vynahradily v islandsk\u00e9m jak jinak ne\u017e tepl\u00e9m a venkovn\u00edm baz\u00e9nu.<\/p>\n<p>Ve st\u0159edu se z na\u0161eho n\u00e1kupu v bl\u00edzk\u00e9m obchod\u011b, vyvinul t\u0159\u00edhodinov\u00fd v\u00fdlet po m\u011bst\u011b, objevovaly jsme jeho kr\u00e1sy- kostel, Harpu, p\u0159\u00edstav.<\/p>\n<p>Ve \u010dtvrtek jsme se pro\u0161ly k maj\u00e1ku a vikingsk\u00e9 lodi a op\u011bt se v\u011bnovaly d\u011btem v rodin\u00e1ch.<\/p>\n<p>V p\u00e1tek jsme pro\u0161ly islandskou \u0161kolu. Ocenily jsme vst\u0159\u00edcn\u00fd p\u0159\u00edstup k d\u011btem a kreativn\u00ed hodiny. Zasko\u010dila n\u00e1s v\u0161ak chaoti\u010dnost cel\u00e9 \u0161koly.&nbsp;<\/p>\n<p>V sobotu jsme ka\u017ed\u00e1 odvedla svou hodinu v \u010desk\u00e9 \u0161koli\u010dce a dojat\u011b se rozlou\u010dily s d\u011btmi a p\u00e1r rodi\u010di.<\/p>\n<p>V na\u0161em posledn\u00edm a v podstat\u011b jedin\u00e9m dnu volna, jsme se rozhodly prozkoumat muzeum Perlan. Zde jsme vid\u011bly nejen expozici divy Islandu, ale i planet\u00e1rium s pol\u00e1rn\u00ed z\u00e1\u0159\u00ed, ledovou jeskyni a v\u00fdhled na cel\u00fd Reykjav\u00edk. Ve\u010der n\u00e1s pohltila v\u00e1no\u010dn\u00ed atmosf\u00e9ra m\u011bsta (v\u00e1no\u010dn\u00ed v\u00fdzdoba se tu nejsp\u00ed\u0161e v\u011b\u0161\u00ed u\u017e od konce \u0159\u00edjna, pro rozz\u00e1\u0159en\u00ed temn\u00fdch noc\u00ed.) Z celodenn\u00edho v\u00fdletu jsme se vr\u00e1tily p\u0159\u00edjemn\u011b unaven\u00e9 a nabyt\u00e9 pozn\u00e1n\u00edm. Kr\u00e1sn\u00fd, mraziv\u00fd den jsme zakon\u010dily \u010dajem a p\u00edsmenkovou pol\u00e9vkou.&nbsp;<\/p>\n<p>Posledn\u00ed t\u0159i pracovn\u00ed dny jsme str\u00e1vily v rodin\u00e1ch a prac\u00ed na aktivit\u00e1ch pro \u010deskou \u0161koli\u010dku.&nbsp;<\/p>\n<p>Ve st\u0159edu ve\u010der jsme se \u0161ly rozlou\u010dit s m\u011bstem. Koupily jsme p\u00e1r d\u00e1rk\u016f a jeden z na\u0161ich posledn\u00edch ve\u010der\u016f na Islandu jsme zakon\u010dily v\u00fdbornou ve\u010de\u0159\u00ed a pravou islandskou zmrzlinou (vanilkov\u00e1 je zde nejlep\u0161\u00ed.) Ve \u010dtvrtek jsme v\u0161e \u00fasp\u011b\u0161n\u011b zabalily do kufr\u016f. Rozlou\u010dili jsme se jak se Zde\u0148kou a Renatou, tak s cel\u00fdm Islandem.&nbsp;<\/p>\n<p>Posledn\u00edch p\u00e1r \u0159\u00e1dk\u016f V\u00e1m p\u00ed\u0161eme ji\u017e z leti\u0161t\u011b. D\u011bkujeme za \u00fa\u017easnou p\u0159\u00edle\u017eitost. U\u017eily jsme si ka\u017edou vte\u0159inu. Snad se na Island je\u0161t\u011b pod\u00edv\u00e1me, kdo v\u00ed&#8230;<\/p>\n<p>A perla na z\u00e1v\u011br: Ztratit se v Reykjav\u00edku se n\u00e1m povedlo a\u017e posledn\u00ed den.&nbsp;<\/p>\nngg_shortcode_0_placeholder\n","protected":false},"excerpt":{"rendered":"<p>Na\u0161i cestu za\u010d\u00edn\u00e1me 6. 11. na pra\u017esk\u00e9m leti\u0161ti, kde se sch\u00e1z\u00edme ve \u010dty\u0159i hodiny r\u00e1no a s hesly:&nbsp; &#8222;co nem\u00e1\u0161, to nepot\u0159ebuje\u0161&#8220; &#8222;z\u00e1\u017eitek, nemus\u00ed b\u00fdt pozitivn\u00ed hlavn\u011b, \u017ee je siln\u00fd&#8220; a &#8222;probl\u00e9my se \u0159e\u0161\u00ed, a\u017e kdy\u017e nastanou&#8220; vyr\u00e1\u017e\u00edme sm\u011br Reykjav\u00edk s mezi zast\u00e1vkou v Amsterdamu. Na m\u00edsto dor\u00e1\u017e\u00edme unaven\u00e9 a vd\u011b\u010dn\u00e9 za postel. V dal\u0161\u00edch &hellip;<\/p>\n","protected":false},"author":1,"featured_media":678,"comment_status":"closed","ping_status":"closed","sticky":false,"template":"","format":"standard","meta":{"ngg_post_thumbnail":0,"footnotes":""},"categories":[5],"tags":[],"class_list":["post-560","post","type-post","status-publish","format-standard","has-post-thumbnail","hentry","category-island","entry entry-center"],"_links":{"self":[{"href":"https:\/\/erasmus.vos-sosmost.cz\/index.php?rest_route=\/wp\/v2\/posts\/560","targetHints":{"allow":["GET"]}}],"collection":[{"href":"https:\/\/erasmus.vos-sosmost.cz\/index.php?rest_route=\/wp\/v2\/posts"}],"about":[{"href":"https:\/\/erasmus.vos-sosmost.cz\/index.php?rest_route=\/wp\/v2\/types\/post"}],"author":[{"embeddable":true,"href":"https:\/\/erasmus.vos-sosmost.cz\/index.php?rest_route=\/wp\/v2\/users\/1"}],"replies":[{"embeddable":true,"href":"https:\/\/erasmus.vos-sosmost.cz\/index.php?rest_route=%2Fwp%2Fv2%2Fcomments&post=560"}],"version-history":[{"count":1,"href":"https:\/\/erasmus.vos-sosmost.cz\/index.php?rest_route=\/wp\/v2\/posts\/560\/revisions"}],"predecessor-version":[{"id":564,"href":"https:\/\/erasmus.vos-sosmost.cz\/index.php?rest_route=\/wp\/v2\/posts\/560\/revisions\/564"}],"wp:featuredmedia":[{"embeddable":true,"href":"https:\/\/erasmus.vos-sosmost.cz\/index.php?rest_route=\/wp\/v2\/media\/678"}],"wp:attachment":[{"href":"https:\/\/erasmus.vos-sosmost.cz\/index.php?rest_route=%2Fwp%2Fv2%2Fmedia&parent=560"}],"wp:term":[{"taxonomy":"category","embeddable":true,"href":"https:\/\/erasmus.vos-sosmost.cz\/index.php?rest_route=%2Fwp%2Fv2%2Fcategories&post=560"},{"taxonomy":"post_tag","embeddable":true,"href":"https:\/\/erasmus.vos-sosmost.cz\/index.php?rest_route=%2Fwp%2Fv2%2Ftags&post=560"}],"curies":[{"name":"wp","href":"https:\/\/api.w.org\/{rel}","templated":true}]}}