{"id":920,"date":"2021-09-16T10:27:00","date_gmt":"2021-09-16T08:27:00","guid":{"rendered":"https:\/\/erasmus.vos-sosmost.cz\/?p=920"},"modified":"2026-03-30T15:03:14","modified_gmt":"2026-03-30T13:03:14","slug":"dublin-21-9-8-10-2021","status":"publish","type":"post","link":"https:\/\/erasmus.vos-sosmost.cz\/?p=920","title":{"rendered":"Dublin (21. 9. \u2013 8. 10. 2021)"},"content":{"rendered":"<p>&nbsp;<\/p>\n<p>U\u017e minul\u00fd rok n\u00e1m byla tato st\u00e1\u017e nab\u00eddnuta, bohu\u017eel kv\u016fli covidov\u00fdm opat\u0159en\u00edm se nemohla uskute\u010dnit a odlo\u017eila se na leto\u0161n\u00ed \u0161koln\u00ed rok. Hned druh\u00fd \u0161koln\u00ed den jsme m\u011bly ne\u010dekan\u00fd telefon\u00e1t od z\u00e1stupce \u0159editelky pana Pa\u010fourka, \u017ee je mo\u017enost koncem z\u00e1\u0159\u00ed uskute\u010dnit na\u0161i st\u00e1\u017e v&nbsp;Irsku. &nbsp;P\u0159ed odjezdem jsme s&nbsp;veden\u00edm \u0161koly vy\u0159e\u0161ili ve\u0161ker\u00e9 z\u00e1le\u017eitosti, kter\u00e9 se t\u00fdkaly pobytu v&nbsp;zahrani\u010d\u00ed. Za\u0159\u00eddily jsme si cestovn\u00ed poji\u0161t\u011bn\u00ed, podepsaly pot\u0159ebn\u00e9 smlouvy a ud\u011blaly jazykov\u00fd test z&nbsp;angli\u010dtiny.<\/p>\n<p>V pond\u011bl\u00ed 20.9. jsme se vydaly na Leti\u0161t\u011b V\u00e1clava Havla v&nbsp;Praze. Na leti\u0161t\u011b jsme dorazily ve 14:30 a jako prvn\u00ed jsme zam\u00ed\u0159ily na odbaven\u00ed zavazadel, d\u00e1le jsme pro\u0161ly leti\u0161tn\u00ed kontrolou a u\u017e \u010dekaly na n\u00e1\u0161 let. Letadlo z&nbsp;Prahy do Dublinu odl\u00e9talo v&nbsp;16:45, b\u011bhem letu byly m\u00edrn\u00e9 turbulence, ale zvl\u00e1dly jsme to a s&nbsp;p\u0159edstihem okolo 18. hodiny p\u0159ist\u00e1ly v&nbsp;Dublinu. Po p\u0159ist\u00e1n\u00ed jsme na\u0161ly na\u0161e kufry a vydaly se za M\u00ed\u0161ou, kter\u00e1 na n\u00e1s \u010dekala p\u0159ed leti\u0161tn\u00ed halou. M\u00ed\u0161a je b\u00fdval\u00e1 studentka na\u0161\u00ed \u0161koly a zprost\u0159edkov\u00e1v\u00e1 celou tuto st\u00e1\u017e spole\u010dn\u011b s&nbsp;jej\u00edm man\u017eelem Johnem.<\/p>\n<p><img loading=\"lazy\" decoding=\"async\" class=\"alignnone size-medium wp-image-1121\" src=\"http:\/\/erasmus.vos-sosmost.cz\/wp-content\/uploads\/2021\/09\/1484F66B-FD52-4C1D-9CD3-FE0092601CC5-300x225.jpeg\" alt=\"\" width=\"300\" height=\"225\"><\/p>\n<p>Cesta dom\u016f byla p\u0159\u00edjemn\u00e1 a rychle n\u00e1m utekla. Dozv\u011bd\u011bly jsme se okrajov\u011b jak bude na\u0161e praxe prob\u00edhat a co bude na\u0161e n\u00e1pl\u0148 pr\u00e1ce. Po zhruba hodinov\u00e9 cest\u011b jsme dorazily do jejich domu, kde jsme se sezn\u00e1mily s&nbsp;celou rodinou a ve\u010der str\u00e1vili pov\u00edd\u00e1n\u00edm. P\u0159ed prax\u00ed jsme m\u011bly p\u00e1r dn\u00ed volno, abychom se rozkoukaly a poznaly okol\u00ed. Nav\u0161t\u00edvily jsme tak\u00e9 n\u011bkolik m\u011bst jako nap\u0159\u00edklad Dublin, Carlow nebo Kilkenny.<\/p>\n<p><img loading=\"lazy\" decoding=\"async\" class=\"alignnone size-medium wp-image-1118\" src=\"http:\/\/erasmus.vos-sosmost.cz\/wp-content\/uploads\/2021\/09\/EC1638DB-BB9A-4C93-A3DE-AD2D45CE4843-225x300.jpeg\" alt=\"\" width=\"225\" height=\"300\"><img loading=\"lazy\" decoding=\"async\" class=\"alignnone size-medium wp-image-1120\" src=\"http:\/\/erasmus.vos-sosmost.cz\/wp-content\/uploads\/2021\/09\/201F707B-FB1A-4173-8912-353971D81FDB-225x300.jpeg\" alt=\"\" width=\"225\" height=\"300\"><\/p>\n<p>V&nbsp;n\u00e1sleduj\u00edc\u00edch dnech jsme vykon\u00e1valy praxi pro firmu Stocktaking Services Dublin Ltd. Je to inventariza\u010dn\u00ed spole\u010dnost, kter\u00e1 byla zalo\u017eena v&nbsp;roce 1986, poskytuj\u00edc\u00ed p\u0159esn\u00e9 a nez\u00e1visl\u00e9 inventariza\u010dn\u00ed slu\u017eby maloobchodn\u00edm spole\u010dnostem po cel\u00e9 zemi. Majitelem t\u00e9to firmy je ji\u017e zmi\u0148ovan\u00fd John Donegan.<\/p>\n<p>Prvn\u00ed den na\u0161\u00ed praxe jsme vst\u00e1valy v brzk\u00fdch rann\u00edch hodin\u00e1ch, abychom spole\u010dn\u011b s Johnem vyrazili p\u0159ed 5. hodinou rann\u00ed na na\u0161\u00ed prvn\u00ed zast\u00e1vku v Dublinu. V obchod\u011b jsme od pana majitele Johna dostaly inventariza\u010dn\u00ed ma\u0161inky, kter\u00e9 slou\u017e\u00ed k po\u010d\u00edt\u00e1n\u00ed zbo\u017e\u00ed. Bylo n\u00e1m vysv\u011btleno, jak ma\u0161inky funguj\u00ed a ka\u017ed\u00e1 jsme dostala na starost sv\u016fj reg\u00e1l se zbo\u017e\u00edm, kter\u00e9 jsme musely spo\u010d\u00edtat. Ka\u017ed\u00e9 zbo\u017e\u00ed jsme musely za\u0159adit do ur\u010dit\u00e9 kategorie DPH a napsat po\u010det kus\u016f zbo\u017e\u00ed. V Irsku maj\u00ed \u010dty\u0159i sazby DPH, z\u00e1kladn\u00ed sazba \u010din\u00ed 23 % a dal\u0161\u00edmi t\u0159emi jsou sn\u00ed\u017een\u00e9 sazby 13,5 % (slu\u017eby v zem\u011bd\u011blstv\u00ed, \u00faklid a stavebnictv\u00ed a autop\u016fj\u010dovny), 9 % (sektor cestovn\u00edho ruchu a pohostinstv\u00ed) a 4,8 % (stav hospod\u00e1\u0159sk\u00fdch zv\u00ed\u0159at a chrt\u016f). V \u010cesk\u00e9 republice m\u00e1me t\u0159i sazby DPH, a to 10 % (prodej kojeneck\u00e9 v\u00fd\u017eivy a potravin pro mal\u00e9 d\u011bti, prodej l\u00e9k\u016f nebo prodej pitn\u00e9 vody), 15 % (prodej potravin a nealko, rostlin a semen, krmiv pro zv\u00ed\u0159ata) a 21 % (uplat\u0148ujeme ji na ve\u0161ker\u00e9 zbo\u017e\u00ed i ve\u0161ker\u00e9 slu\u017eby, kter\u00e9 v z\u00e1kon\u011b o DPH nejsou za\u0159azeny pro n\u011bkterou sn\u00ed\u017eenou sazbu).<\/p>\n<p><img loading=\"lazy\" decoding=\"async\" class=\"alignnone size-medium wp-image-1117\" src=\"http:\/\/erasmus.vos-sosmost.cz\/wp-content\/uploads\/2021\/09\/4A1CD2FB-1CD8-423E-95BA-7813EAA733F2-225x300.jpeg\" alt=\"\" width=\"225\" height=\"300\"><img loading=\"lazy\" decoding=\"async\" class=\"alignnone size-medium wp-image-1119\" src=\"http:\/\/erasmus.vos-sosmost.cz\/wp-content\/uploads\/2021\/09\/4C1B350E-7DA4-4A60-842A-EE058AD241E3-225x300.jpeg\" alt=\"\" width=\"225\" height=\"300\"><\/p>\n<p>N\u00e1pl\u0148 ve\u0161ker\u00fdch pracovn\u00edch dn\u00ed byla toto\u017en\u00e1 s&nbsp;prvn\u00edm pracovn\u00edm dnem. V&nbsp;ka\u017ed\u00e9m obchod\u011b jsme ud\u011blali inventuru prodejny a skladu a\u017e na v\u00fdjimky p\u00e1r obchod\u016f, kde se sklad napo\u010d\u00edtal. &nbsp;V&nbsp;n\u011bkter\u00fdch dnech se stihl obchod pouze jeden a jin\u00e9 dny se stihly obchody dva. Inventury byly prov\u00e1d\u011bny v&nbsp;r\u016fzn\u00fdch m\u011bstech Irska.<\/p>\n<p>Zde je seznam obchod\u016f, ve kter\u00fdch jsme prov\u00e1d\u011bli inventury s dal\u0161\u00edmi pracovn\u00edky:<\/p>\n<ul>\n<li>EuroSpar Bath Ave<\/li>\n<li>Spar Donnybrook<\/li>\n<li>Fresh The Good Food Market Grand Canal<\/li>\n<li>Fresh The Good Food Market Smithfield<\/li>\n<li>Fresh The Good Food Market Saint Kevin&#8217;s<\/li>\n<li>Fresh The Good Food Market Capital Dock<\/li>\n<li>Fresh The Good Food Market IFSC<\/li>\n<li>Fresh The Good Food Market Belarmine<\/li>\n<li>SuperValu Granard<\/li>\n<li>SuperValu Monaghan<\/li>\n<li>SuperValu Portlaoise<\/li>\n<li>Centra Waterford<\/li>\n<li>Centra Portlaw<\/li>\n<\/ul>\n<p><img loading=\"lazy\" decoding=\"async\" class=\"alignnone size-medium wp-image-1124\" src=\"http:\/\/erasmus.vos-sosmost.cz\/wp-content\/uploads\/2021\/09\/fresh-300x200.jpg\" alt=\"\" width=\"300\" height=\"200\"><\/p>\n<p>V pr\u016fb\u011bhu t\u00e9to st\u00e1\u017ee jsme si uv\u011bdomily n\u011bkter\u00e9 rozd\u00edly mezi \u010ceskou republikou a Irskem. U n\u00e1s v \u010cesku se inventury prov\u00e1d\u011bj\u00ed jednou ro\u010dn\u011b a obchody se uzav\u00edraj\u00ed, pro p\u0159esnou kontrolu zbo\u017e\u00ed. Na druhou stranu v Irsku se inventury prov\u00e1d\u011bj\u00ed zhruba jednou m\u011bs\u00ed\u010dn\u011b. Dal\u0161\u00edm rozd\u00edlem je ten, \u017ee inventury prob\u00edhaj\u00ed za provozu, tak\u017ee p\u0159esnost nen\u00ed 100 %. Dozv\u011bd\u011bly jsme se tak\u00e9, \u017ee pokud se v\u00e1m stane v obchodech \u00faraz, nap\u0159. uklouznut\u00ed po mokr\u00e9 podlaze, kdy by se zjistilo, \u017ee nebyla nikde varovn\u00e1 cedule, od\u0161kodn\u011bn\u00ed jsou velmi vysok\u00e1. Toto byl d\u016fvod, kv\u016fli kter\u00e9mu spousta obchod\u016f nezvl\u00e1dla finan\u010dn\u00ed situaci a byla nucena zav\u0159\u00edt.<\/p>\nngg_shortcode_0_placeholder\n","protected":false},"excerpt":{"rendered":"<p>&nbsp; U\u017e minul\u00fd rok n\u00e1m byla tato st\u00e1\u017e nab\u00eddnuta, bohu\u017eel kv\u016fli covidov\u00fdm opat\u0159en\u00edm se nemohla uskute\u010dnit a odlo\u017eila se na leto\u0161n\u00ed \u0161koln\u00ed rok. Hned druh\u00fd \u0161koln\u00ed den jsme m\u011bly ne\u010dekan\u00fd telefon\u00e1t od z\u00e1stupce \u0159editelky pana Pa\u010fourka, \u017ee je mo\u017enost koncem z\u00e1\u0159\u00ed uskute\u010dnit na\u0161i st\u00e1\u017e v&nbsp;Irsku. &nbsp;P\u0159ed odjezdem jsme s&nbsp;veden\u00edm \u0161koly vy\u0159e\u0161ili ve\u0161ker\u00e9 z\u00e1le\u017eitosti, kter\u00e9 se &hellip;<\/p>\n","protected":false},"author":1,"featured_media":1171,"comment_status":"closed","ping_status":"closed","sticky":false,"template":"","format":"standard","meta":{"ngg_post_thumbnail":0,"footnotes":""},"categories":[4],"tags":[],"class_list":["post-920","post","type-post","status-publish","format-standard","has-post-thumbnail","hentry","category-irsko","entry entry-center"],"_links":{"self":[{"href":"https:\/\/erasmus.vos-sosmost.cz\/index.php?rest_route=\/wp\/v2\/posts\/920","targetHints":{"allow":["GET"]}}],"collection":[{"href":"https:\/\/erasmus.vos-sosmost.cz\/index.php?rest_route=\/wp\/v2\/posts"}],"about":[{"href":"https:\/\/erasmus.vos-sosmost.cz\/index.php?rest_route=\/wp\/v2\/types\/post"}],"author":[{"embeddable":true,"href":"https:\/\/erasmus.vos-sosmost.cz\/index.php?rest_route=\/wp\/v2\/users\/1"}],"replies":[{"embeddable":true,"href":"https:\/\/erasmus.vos-sosmost.cz\/index.php?rest_route=%2Fwp%2Fv2%2Fcomments&post=920"}],"version-history":[{"count":1,"href":"https:\/\/erasmus.vos-sosmost.cz\/index.php?rest_route=\/wp\/v2\/posts\/920\/revisions"}],"predecessor-version":[{"id":922,"href":"https:\/\/erasmus.vos-sosmost.cz\/index.php?rest_route=\/wp\/v2\/posts\/920\/revisions\/922"}],"wp:featuredmedia":[{"embeddable":true,"href":"https:\/\/erasmus.vos-sosmost.cz\/index.php?rest_route=\/wp\/v2\/media\/1171"}],"wp:attachment":[{"href":"https:\/\/erasmus.vos-sosmost.cz\/index.php?rest_route=%2Fwp%2Fv2%2Fmedia&parent=920"}],"wp:term":[{"taxonomy":"category","embeddable":true,"href":"https:\/\/erasmus.vos-sosmost.cz\/index.php?rest_route=%2Fwp%2Fv2%2Fcategories&post=920"},{"taxonomy":"post_tag","embeddable":true,"href":"https:\/\/erasmus.vos-sosmost.cz\/index.php?rest_route=%2Fwp%2Fv2%2Ftags&post=920"}],"curies":[{"name":"wp","href":"https:\/\/api.w.org\/{rel}","templated":true}]}}