{"id":959,"date":"2021-10-24T12:05:17","date_gmt":"2021-10-24T10:05:17","guid":{"rendered":"https:\/\/erasmus.vos-sosmost.cz\/?p=959"},"modified":"2026-03-30T15:03:14","modified_gmt":"2026-03-30T13:03:14","slug":"sevilla-24-10-18-11-2021","status":"publish","type":"post","link":"https:\/\/erasmus.vos-sosmost.cz\/?p=959","title":{"rendered":"Sevilla (24. 10. &#8211; 18. 11. 2021)"},"content":{"rendered":"<p style=\"text-align: left\">V sobotu 23.10. 2021 za\u010dalo na\u0161e dobrodru\u017estv\u00ed za pozn\u00e1n\u00edm \u0161pan\u011blsk\u00e9ho m\u011bsta Seville a st\u00e1\u017e\u00ed ve dvou za\u0159\u00edzen\u00edch &#8211; \u0161kolce a fyzioterapeutick\u00e9 a osteopatick\u00e9 klinice. Po p\u0159\u00edletu z Prahy, s jedn\u00edm mezip\u0159ist\u00e1n\u00edm v Madridu, jsme s nad\u0161en\u00edm ve\u0161ly do p\u0159\u00edletov\u00e9 haly, kde na n\u00e1s \u010dekal \u0159idi\u010d, kter\u00fd &nbsp;n\u00e1s odvezl do sd\u00edlen\u00e9ho bytu, p\u0159ed kter\u00fdm u\u017e \u010dekala jedna z na\u0161ich koordin\u00e1torek s v\u0159el\u00fdm \u00fasm\u011bvem. Dovedla &nbsp;n\u00e1s do 3. patra a p\u0159edstavila na\u0161e spolubydl\u00edc\u00ed &#8211; 2 studentky z It\u00e1lie a jednu sle\u010dnu z N\u011bmecka. Jeliko\u017e u\u017e byl pozdn\u00ed ve\u010der, tak &nbsp;jsme si rozd\u011blily pokoje, vybalily a \u0161ly sp\u00e1t.<\/p>\n<p style=\"text-align: left\">Po probuzen\u00ed a n\u00e1kupu potravin jsme si p\u0159ichystaly na\u0161\u00ed prvn\u00ed sn\u00eddani v Seville a vychutnaly si r\u00e1no se \u0161\u00e1lkem k\u00e1vy. Potom u\u017e jsme se vydaly do v\u00edru velkom\u011bsta! Jak n\u00e1m bylo \u0159e\u010deno na\u0161\u00ed pan\u00ed u\u010ditelkou: ,,Hledejte \u0159eku, u n\u00ed najdete v\u0161echno.\u2019\u2019 &nbsp;Tak jsme i ud\u011blaly, na\u0161ly jsme \u0159eku a samoz\u0159ejm\u011b od n\u00ed jsme se dostaly i do centra. Byl hork\u00fd den a n\u011bco m\u00e1lo okolo t\u0159in\u00e1ct\u00e9 hodiny, tak jsme se rozhodly pro lehk\u00fd ob\u011bd se studen\u00fdm pit\u00edm na osv\u011b\u017een\u00ed. Dal\u0161\u00edm bodem byla proch\u00e1zka a prozkoum\u00e1n\u00ed dal\u0161\u00ed \u010d\u00e1sti m\u011bsta s chlapcem z libereck\u00e9ho gymn\u00e1zia, kter\u00fd je v Seville tak\u00e9 na Erasmu. Uk\u00e1zal n\u00e1m n\u00e1dhernou \u010d\u00e1st Seville, jako nap\u0159\u00edklad Plaza de Espa\u00f1a , Santa Cruz district a Park Maria Luisa. &nbsp;Po dni pln\u00e9m nov\u00fdch z\u00e1\u017eitk\u016f a pro\u017eitk\u016f jsme se vy\u010derpan\u00e9 vr\u00e1tily dom\u016f a se zv\u011bdavost\u00ed, co n\u00e1s bude \u010dekat dal\u0161\u00ed den, \u0161ly sp\u00e1t.<\/p>\n<p style=\"text-align: left\">Po bud\u00ed\u010dku a sn\u00eddan\u00ed jsme se vydaly na uv\u00edtac\u00ed sch\u016fzku v kancel\u00e1\u0159i Idiomas Carlos V, kde n\u00e1m jedna z na\u0161ich dal\u0161\u00edch koordin\u00e1torek vysv\u011btlila v\u011bci ohledn\u011b na\u0161eho pobytu a st\u00e1\u017ee. Dv\u011b z n\u00e1s, kter\u00e9 maj\u00ed st\u00e1\u017e ve \u0161kolce, \u0161ly s jedn\u00edm z koordin\u00e1tor\u016f rovnou do \u0161kolky a dozv\u011bd\u011bly se, jak bude vypadat jejich pracovn\u00ed doch\u00e1zka, n\u00e1pl\u0148 pr\u00e1ce a &nbsp;dal\u0161\u00edch n\u011bkolik v\u011bc\u00ed. Str\u00e1vily jsme tam jen chvilku a potom m\u011bly je\u0161t\u011b cel\u00fd den voln\u00fd. Holky, kter\u00e9 &nbsp;nastupovaly do za\u0159\u00edzen\u00ed se m\u011bly na sm\u011bnu dostavit a\u017e k brzk\u00e9mu ve\u010deru, kde jim jejich vedouc\u00ed vysv\u011btlil, co a jak. Jejich sm\u011bna trvala od p\u011bti do p\u016fl dev\u00e1t\u00e9, kde se dozv\u011bd\u011bly, jak bude vypadat jejich pracovn\u00ed n\u00e1pl\u0148, jak\u00e9 budou m\u00edt sm\u011bny a dal\u0161\u00ed.<\/p>\n<p style=\"text-align: left\">\u0160kolka &#8211; V dal\u0161\u00edch dnech u\u017e to vypadalo tak, \u017ee &nbsp;jsme chodily &nbsp;od &nbsp;dev\u00edti r\u00e1no do pr\u00e1ce a odch\u00e1zely z n\u00ed ve dv\u011b. Jeliko\u017e m\u00e1 2 t\u0159\u00eddy, tak jsme se rozd\u011blily &#8211; jedna z n\u00e1s je u nejmen\u0161\u00edch d\u011bt\u00ed ve v\u011bku okolo jednoho roku a druh\u00e1 u star\u0161\u00edch d\u011bt\u00ed, kter\u00fdm je okolo 2 let. Po p\u0159\u00edchodu k nejmen\u0161\u00edm se nejd\u0159\u00edve postupn\u011b nakrm\u00ed a potom usad\u00ed do \u017eidli\u010dek, kde se jim zazp\u00edv\u00e1 n\u011bkolik p\u00edsni\u010dek a odrecituje p\u00e1r b\u00e1sni\u010dek, tak\u00e9 se zopakuj\u00ed dny v t\u00fddnu, ro\u010dn\u00ed obdob\u00ed a v\u011bci ohledn\u011b dan\u00e9ho t\u00e9matu, kter\u00fdm je pr\u00e1v\u011b te\u010f HALLOWEEN a PODZIM. Ve \u0160pan\u011blsku se Halloween slav\u00ed a \u0159e\u0161\u00ed hodn\u011b, lid\u00e9 se p\u0159evl\u00e9kaj\u00ed do kost\u00fdm\u016f, d\u011bti chod\u00ed pro sladkosti, je to zkr\u00e1tka sv\u00e1tek, kter\u00fd se dodr\u017euje a hlavn\u011b oslavuje. Ve \u0161kolce se proto s d\u011btmi prob\u00edr\u00e1 a na jeho t\u00e9ma se i cel\u00e1 vyzdob\u00ed. Po t\u00e9to \u010d\u00e1sti p\u0159ich\u00e1z\u00ed hran\u00ed si s d\u011btmi, maj\u00ed na v\u00fdb\u011br ze \u0161k\u00e1ly hra\u010dek, jako jsou kostky, m\u00ed\u010dky, zv\u00ed\u0159\u00e1tka a dal\u0161\u00ed. V\u011bt\u0161inou si hraj\u00ed sami a my se k nim ob\u010das p\u0159id\u00e1me. Potom p\u0159ijde p\u0159ebalov\u00e1n\u00ed a n\u00e1sledn\u011b usp\u00e1v\u00e1n\u00ed. Spink\u00e1n\u00ed trv\u00e1 okolo hodiny, n\u011bkdy i d\u00e9le, podle toho jak d\u011bti usnou. Po probuzen\u00ed se d\u011bti op\u011bt nakrm\u00ed a p\u0159ebal\u00ed a te\u010f p\u0159ich\u00e1z\u00ed \u010das, kdy u\u017e si pro v\u011bt\u0161inu d\u011bt\u00ed p\u0159ich\u00e1zej\u00ed rodi\u010de. Jeliko\u017e na\u0161e kolegyn\u011b nemluv\u00ed v\u016fbec anglicky, tak na\u0161e dorozum\u00edv\u00e1n\u00ed prob\u00edh\u00e1 p\u0159es p\u0159eklada\u010d nebo pomoc\u00ed rukou, je to velk\u00e1 v\u00fdzva, ale v\u0161e bereme s humorem a d\u00edky jejich v\u0159elosti, mil\u00e9mu p\u0159\u00edstupu a neskute\u010dn\u00e9 pozitivit\u011b to zvl\u00e1d\u00e1me a um\u00edme se na v\u0161em domluvit. Ve druh\u00e9 t\u0159\u00edd\u011b u d\u011bt\u00ed kolem druh\u00e9ho roku, prob\u00edh\u00e1 v\u00fduka dost podobn\u011b. &nbsp;Prvn\u00ed t\u00fdden bylo t\u00e9ma Halloween, tak\u017ee se i v\u00fduka vedla v tomto duchu. Byla stra\u0161ideln\u00e1 v\u00fdzdoba, zp\u00edvaly se stra\u0161ideln\u00e9 p\u00edsni\u010dky a posledn\u00ed den v t\u00fddnu se dokonce p\u0159i\u0161lo i ve stra\u0161ideln\u00e9m kost\u00fdmu. Dal\u0161\u00ed dva t\u00fddny prob\u00edhaj\u00ed v duchu dinosaur\u016f. V\u00fdtvory, kter\u00e9 d\u011bti vyr\u00e1b\u011bj\u00ed se t\u00fdkaj\u00ed dinosaur\u016f, v\u00fdzdoba je tak\u00e9 dinosau\u0159\u00ed. Klasick\u00fd den ve \u0161kolce u star\u0161\u00edch d\u011bt\u00ed prob\u00edh\u00e1 tak, \u017ee r\u00e1no ne\u017e se v\u0161echny d\u011bti dostav\u00ed si hraj\u00ed ostatn\u00ed d\u011bti s hra\u010dkami. Pot\u00e9 nast\u00e1v\u00e1 \u010das na sva\u010dinu, kde si d\u011bti sn\u00ed jejich z domova p\u0159ipraven\u00e9 sva\u010diny. Po sva\u010din\u011b a na\u010derp\u00e1n\u00ed energie se jde zp\u00edvat. Zp\u00edvaj\u00ed se \u0160pan\u011blsk\u00e9 d\u011btsk\u00e9 p\u00edsni\u010dky. N\u00e1sledn\u011b jdou d\u011bti malovat nebo n\u011bco vyr\u00e1b\u011bt, v\u011bt\u0161inou se to t\u00fdk\u00e1 dan\u00e9ho t\u00e9matu t\u00fddne. Po malov\u00e1n\u00ed se d\u011btem p\u0159iprav\u00ed opi\u010d\u00ed dr\u00e1ha, kterou si zkus\u00ed &nbsp;n\u011bkolikr\u00e1t za sebou. Podle toho jak jsou d\u011bti unaven\u00e9 se d\u00e1le pokra\u010duje, bu\u010f se ve t\u0159\u00edd\u011b zhasne, v\u0161ichni si lehnou na zem a odpo\u010d\u00edvaj\u00ed a nebo se tancuje. Den zakon\u010d\u00edme ob\u011bdem, kde se d\u011bti usad\u00ed ke stolu a s na\u0161\u00ed pomoc\u00ed se naob\u011bdvaj\u00ed. N\u00e1sleduje odchod dom\u016f nebo odpoledn\u00ed \u0161kolka.&nbsp;<\/p>\n<p>Fyzioterapie &#8211; My, kter\u00e9 m\u00e1me praxi na klinice pracujeme pond\u011bl\u00ed, st\u0159eda, \u010dtvrtek dopoledne tedy od 10:40 do 14:00, \u00fater\u00fd je pouze odpoledn\u00ed sm\u011bna po siest\u011b od 16:40 do 20:40 a p\u00e1tek je podle toho kolik a v kolik hodin se p\u0159ihl\u00e1s\u00ed klienti. Klinika se naz\u00fdv\u00e1 Javier de la Nuez, Fyzioterapia y Osteopat\u00eda. Zaregistrovaly&nbsp; jsme, \u017ee tu pracuj\u00ed 3 pracovn\u00edci: Javier, kter\u00fd vlastn\u00ed kliniku a je fyzioterapeut a ostepatik a s n\u00edm m\u00e1me dopoledn\u00ed sm\u011bny, Antonio, se kter\u00fdm jsme ka\u017ed\u00e9 \u00fater\u00fd a je fyzioterapeut, a ka\u017ed\u00fd p\u00e1tek je dopoledne v klinice Elena, kter\u00e1 cvi\u010d\u00ed, posiluje a protahuje se s pacienty. Tento t\u00fdden jsme se po\u0159\u00e1dn\u011b d\u00edvaly a sna\u017eily se pochopit co se vlastn\u011b v t\u00e9 fyzioterapii a osteopatii d\u011bl\u00e1, proto\u017ee my jsme pouze mas\u00e9rky a je\u0161t\u011b neum\u00edme takov\u00e9 v\u011bci jako se prov\u00e1d\u00ed v t\u011bchto profes\u00edch. Komunikace je slo\u017eit\u00e1, proto\u017ee anglicky um\u00ed trochu pouze Antonio, jinak se tak\u00e9 dorozum\u00edv\u00e1me skrz p\u0159eklada\u010d a rukama nohama i ob\u010das pou\u017e\u00edv\u00e1me r\u016fzn\u00e9 zvuky, je to ob\u010das celkem vtipn\u00e9. Podle p\u00e1r pacient\u016f, kter\u00e9 jsme zat\u00edm poznaly jsou v\u0161ichni v klinice spokojen\u00ed jak s \u00fa\u010dinnost\u00ed tak i s person\u00e1lem.<\/p>\n<p style=\"text-align: left\">Takhle vypadala na\u0161e pracovn\u00ed doba od pond\u011bl\u00ed do p\u00e1tku , po pr\u00e1ci jsme se vyd\u00e1valy na dal\u0161\u00ed pr\u016fzkumy m\u011bsta a v sobotu n\u00e1s \u010dekal v\u00fdlet s polskou skupinou do m\u011bsta C\u00f3rdoba. Cesta autobusem trvala okolo dvou hodin, bohu\u017eel n\u00e1m u\u017e od p\u00e1tku stra\u0161n\u011b moc pr\u0161elo a po p\u0159\u00edjezdu do C\u00f3rdoby d\u00e9\u0161\u0165 neust\u00e1val. M\u011bsto bylo i pod smr\u0161t\u00ed tmav\u00fdch mrak\u016f, de\u0161t\u011b a v\u011btru kr\u00e1sn\u00e9, vid\u011bli jsme pam\u00e1tky a nakonec &nbsp;slavnou Mezquitu &#8211; Catedral de C\u00f3rdoba, byl to dech berouc\u00ed z\u00e1\u017eitek. Dom\u016f jsme se vr\u00e1tily a\u017e k ve\u010deru a op\u011bt vy\u010derpan\u00e9 usnuly. Ned\u011ble byla ve znamen\u00ed sp\u00e1nku a proch\u00e1zky, jeliko\u017e op\u011bt docela pr\u0161elo, rozhodly jsme se to vyu\u017e\u00edt pro leno\u0161en\u00ed.<\/p>\n<p>&nbsp;<\/p>\n<p>A m\u00e1me za sebou druh\u00fd t\u00fdden str\u00e1ven\u00fd v Seville. Ve st\u0159edu 3. 11. jsme s holkama v\u011bnovaly odpoledne po na\u0161\u00ed praxi nakupov\u00e1n\u00ed. Moc jsme si ten den u\u017eily, poznaly jsme novou \u010dtvr\u0165 m\u011bsta, proto\u017ee to obchodn\u00ed centrum se nach\u00e1z\u00ed \u00fapln\u011b na kraji Sevilly. Ve \u010dtvrtek 4. 11. jsme spole\u010dn\u011b s jin\u00fdmi studenty co jsou v Idiomas Carlos V nav\u0161t\u00edvili Museum of Fine Arts (Museo de Bellas Artes). Pro\u0161ly jsme si cel\u00e9 to muzeum a pan\u00ed co n\u00e1s prov\u00e1d\u011bla n\u00e1m k tomu \u0159\u00edkala historii obraz\u016f i cel\u00e9 t\u00e9 budovy. Nach\u00e1z\u00ed se v tom muzeu obrazy nap\u0159\u00edklad i od Picassa a dal\u0161\u00edch \u0161pan\u011blsk\u00fdch mal\u00ed\u0159\u016f. V sobotu jsme si zase odpoledne \u0161ly proj\u00edt m\u011bsto. Pod\u00edvaly jsme se do r\u016fzn\u00fdch obchod\u016f, st\u00e1nku se suven\u00fdry a obdivovaly ru\u0161n\u00e9 centrum Sevilly, proto\u017ee od \u010dtvrtka tu prob\u00edh\u00e1 18. Sevillsk\u00fd festival, tak ulice byly pom\u011brn\u011b ru\u0161n\u011bj\u0161\u00ed ne\u017e obvykle. A dnes v ned\u011bli jsme se byly pod\u00edvat na Basilica de la Macarena. Je to kr\u00e1sn\u00e1 stavba v centru m\u011bsta. Tak\u00e9 jsme si prohl\u00e9dly okol\u00ed, pod\u00edvaly jsme se na Parlamento de Andaluc\u00eda, kter\u00fd se nach\u00e1z\u00ed kousek od baziliky a tak\u00e9 jsme si prohl\u00e9dly z venku Muralla almohade de Seville, co\u017e je vlastn\u011b takov\u00e1 ze\u010f\/hradba v centru Sevilly tak\u00e9 hned vedle baziliky.<\/p>\n<p>&nbsp;<\/p>\n<p>N\u00e1\u0161 t\u0159et\u00ed t\u00fdden za\u010dal v pond\u011bl\u00ed 8.11.2021, kdy jsme se po pr\u00e1ci z\u00fa\u010dastnily exkurze, kterou po\u0159\u00e1dalo Idiomas Carlos V. Spole\u010dn\u011b s dal\u0161\u00edmi \u010dleny jsme se proch\u00e1zeli El Salvadorem a Alfalfa. Po n\u00e1dhern\u00e9 proch\u00e1zce a p\u0159evzet\u00ed mnoha poznatk\u016f, jsme je\u0161t\u011b zav\u00edtaly s d\u011bv\u010daty do budovy, kde prob\u00edhal filmov\u00fd festival a tak\u00e9 jsme nav\u0161t\u00edvily v\u011b\u017e La Giralda, ze kter\u00e9 je kr\u00e1sn\u00fd v\u00fdhled na celou Sevillu. V \u00fater\u00fd se n\u00e1m necht\u011blo podnikat nic z\u00e1va\u017en\u00e9ho, proto jsme se jen za\u0161ly proj\u00edt pod\u00e9l \u0159eky a do m\u011bsta. Ve st\u0159edu jsme se za\u0161ly pod\u00edvat na flamingo, bylo to n\u00e1dhern\u00e9 a energick\u00e9. Po flamingu jsme si zaplatily vstup a \u0161ly se pod\u00edvat na Metropol Parasol v noci. Bylo to n\u00e1dhern\u00e9. Ve \u010dtvrtek si pro n\u00e1s ve \u0161kolce p\u0159ipravili p\u0159ekvapen\u00ed a koupili n\u00e1m churros, aby jsme ochutnaly m\u00edstn\u00ed pochoutku a na k n\u00e1m na kliniku p\u0159i\u0161li speci\u00e1ln\u00ed klienti, jako zn\u00e1m\u00fd \u0161pan\u011blsk\u00fd pianista a slavn\u00fd hr\u00e1\u010d padelu. Po zbytek t\u00fddne jsme si proch\u00e1zely m\u011bsto, zkou\u0161ely nov\u00e9 v\u011bci a sna\u017eily se u\u017e\u00edt posledn\u00ed v\u00edkend v Seville.&nbsp;<\/p>\nngg_shortcode_0_placeholder\n","protected":false},"excerpt":{"rendered":"<p>V sobotu 23.10. 2021 za\u010dalo na\u0161e dobrodru\u017estv\u00ed za pozn\u00e1n\u00edm \u0161pan\u011blsk\u00e9ho m\u011bsta Seville a st\u00e1\u017e\u00ed ve dvou za\u0159\u00edzen\u00edch &#8211; \u0161kolce a fyzioterapeutick\u00e9 a osteopatick\u00e9 klinice. Po p\u0159\u00edletu z Prahy, s jedn\u00edm mezip\u0159ist\u00e1n\u00edm v Madridu, jsme s nad\u0161en\u00edm ve\u0161ly do p\u0159\u00edletov\u00e9 haly, kde na n\u00e1s \u010dekal \u0159idi\u010d, kter\u00fd &nbsp;n\u00e1s odvezl do sd\u00edlen\u00e9ho bytu, p\u0159ed kter\u00fdm u\u017e \u010dekala &hellip;<\/p>\n","protected":false},"author":1,"featured_media":973,"comment_status":"closed","ping_status":"closed","sticky":false,"template":"","format":"standard","meta":{"ngg_post_thumbnail":0,"footnotes":""},"categories":[11],"tags":[],"class_list":["post-959","post","type-post","status-publish","format-standard","has-post-thumbnail","hentry","category-spanelsko","entry entry-center"],"_links":{"self":[{"href":"https:\/\/erasmus.vos-sosmost.cz\/index.php?rest_route=\/wp\/v2\/posts\/959","targetHints":{"allow":["GET"]}}],"collection":[{"href":"https:\/\/erasmus.vos-sosmost.cz\/index.php?rest_route=\/wp\/v2\/posts"}],"about":[{"href":"https:\/\/erasmus.vos-sosmost.cz\/index.php?rest_route=\/wp\/v2\/types\/post"}],"author":[{"embeddable":true,"href":"https:\/\/erasmus.vos-sosmost.cz\/index.php?rest_route=\/wp\/v2\/users\/1"}],"replies":[{"embeddable":true,"href":"https:\/\/erasmus.vos-sosmost.cz\/index.php?rest_route=%2Fwp%2Fv2%2Fcomments&post=959"}],"version-history":[{"count":2,"href":"https:\/\/erasmus.vos-sosmost.cz\/index.php?rest_route=\/wp\/v2\/posts\/959\/revisions"}],"predecessor-version":[{"id":972,"href":"https:\/\/erasmus.vos-sosmost.cz\/index.php?rest_route=\/wp\/v2\/posts\/959\/revisions\/972"}],"wp:featuredmedia":[{"embeddable":true,"href":"https:\/\/erasmus.vos-sosmost.cz\/index.php?rest_route=\/wp\/v2\/media\/973"}],"wp:attachment":[{"href":"https:\/\/erasmus.vos-sosmost.cz\/index.php?rest_route=%2Fwp%2Fv2%2Fmedia&parent=959"}],"wp:term":[{"taxonomy":"category","embeddable":true,"href":"https:\/\/erasmus.vos-sosmost.cz\/index.php?rest_route=%2Fwp%2Fv2%2Fcategories&post=959"},{"taxonomy":"post_tag","embeddable":true,"href":"https:\/\/erasmus.vos-sosmost.cz\/index.php?rest_route=%2Fwp%2Fv2%2Ftags&post=959"}],"curies":[{"name":"wp","href":"https:\/\/api.w.org\/{rel}","templated":true}]}}